{"id":53011,"date":"2024-04-09T13:53:31","date_gmt":"2024-04-09T19:53:31","guid":{"rendered":"https:\/\/encuentroinformativo.com.mx\/?p=53011"},"modified":"2024-04-09T13:53:37","modified_gmt":"2024-04-09T19:53:37","slug":"consejo-consultivo-del-ivm-presenta-denuncia-por-presunta-violencia-politica-contra-nahle","status":"publish","type":"post","link":"https:\/\/encuentroinformativo.com.mx\/?p=53011","title":{"rendered":"Consejo consultivo del IVM presenta denuncia por presunta violencia pol\u00edtica contra Nahle"},"content":{"rendered":"\n<p><strong>Dar\u00edo Pale <\/strong><\/p>\n\n\n\n<p>Xalapa, Ver.- El Consejo Consultivo de Instituto Veracruzano de las Mujeres (IVM) presenta queja ante el Organismo P\u00fablico Local Electoral (OPLE) por Violencia Pol\u00edtica en Raz\u00f3n de G\u00e9nero (VPG) contra Roc\u00edo Nahle, as\u00ed o dio a conocer la presidenta del CCIVM, Graciela Elizabeth Nani Gonz\u00e1lez.<\/p>\n\n\n\n<p>En conferencia de prensa dio a conocer que, present\u00f3 queja formal ante el Organismo P\u00fablico Local Electoral (OPLE), por presunta violencia pol\u00edtica en raz\u00f3n de g\u00e9nero en contra de la candidata de Morena, Roc\u00edo Nahle Garc\u00eda.<\/p>\n\n\n\n<p>Neg\u00f3 que el Consejo Consultivo dependa del IVM y neg\u00f3 que se est\u00e9 politizando el tema porque no pidi\u00f3 el voto para nadie.<\/p>\n\n\n\n<p>&#8220;Yo aqu\u00ed vengo a declarar que hay una campa\u00f1a de misoginia en contra de una candidata&#8221;, indic\u00f3.<br>Cuestionada por qu\u00e9 sale a defender el patrimonio de la Candidata y no ella, respondi\u00f3 que no conoce por qu\u00e9 no lo hace p\u00fablico.<\/p>\n\n\n\n<p>Finalmente consider\u00f3 que las mujeres deben ser sororas porque la candidata Roc\u00edo Nahle ha sido v\u00edctima de una serie de ataques de misoginia por parte de la familia Yunes, as\u00ed como del empresario Arturo Castagn\u00e9.<\/p>\n","protected":false},"excerpt":{"rendered":"<p>Dar\u00edo Pale Xalapa, Ver.- El Consejo Consultivo de Instituto Veracruzano de las Mujeres (IVM) presenta queja ante el Organismo P\u00fablico Local Electoral (OPLE) por Violencia Pol\u00edtica en Raz\u00f3n de G\u00e9nero (VPG) contra Roc\u00edo Nahle, as\u00ed o dio a conocer la presidenta del CCIVM, Graciela Elizabeth Nani Gonz\u00e1lez. En conferencia de prensa dio a conocer que, [&hellip;]<\/p>\n","protected":false},"author":2476,"featured_media":53012,"comment_status":"open","ping_status":"open","sticky":false,"template":"","format":"standard","meta":{"_jetpack_memberships_contains_paid_content":false,"footnotes":""},"categories":[2],"tags":[],"class_list":["post-53011","post","type-post","status-publish","format-standard","has-post-thumbnail","hentry","category-estado"],"jetpack_featured_media_url":"https:\/\/encuentroinformativo.com.mx\/wp-content\/uploads\/2024\/04\/IMG-20240409-WA0034.jpg","jetpack_sharing_enabled":true,"jetpack_likes_enabled":true,"amp_enabled":true,"_links":{"self":[{"href":"https:\/\/encuentroinformativo.com.mx\/index.php?rest_route=\/wp\/v2\/posts\/53011","targetHints":{"allow":["GET"]}}],"collection":[{"href":"https:\/\/encuentroinformativo.com.mx\/index.php?rest_route=\/wp\/v2\/posts"}],"about":[{"href":"https:\/\/encuentroinformativo.com.mx\/index.php?rest_route=\/wp\/v2\/types\/post"}],"author":[{"embeddable":true,"href":"https:\/\/encuentroinformativo.com.mx\/index.php?rest_route=\/wp\/v2\/users\/2476"}],"replies":[{"embeddable":true,"href":"https:\/\/encuentroinformativo.com.mx\/index.php?rest_route=%2Fwp%2Fv2%2Fcomments&post=53011"}],"version-history":[{"count":1,"href":"https:\/\/encuentroinformativo.com.mx\/index.php?rest_route=\/wp\/v2\/posts\/53011\/revisions"}],"predecessor-version":[{"id":53013,"href":"https:\/\/encuentroinformativo.com.mx\/index.php?rest_route=\/wp\/v2\/posts\/53011\/revisions\/53013"}],"wp:featuredmedia":[{"embeddable":true,"href":"https:\/\/encuentroinformativo.com.mx\/index.php?rest_route=\/wp\/v2\/media\/53012"}],"wp:attachment":[{"href":"https:\/\/encuentroinformativo.com.mx\/index.php?rest_route=%2Fwp%2Fv2%2Fmedia&parent=53011"}],"wp:term":[{"taxonomy":"category","embeddable":true,"href":"https:\/\/encuentroinformativo.com.mx\/index.php?rest_route=%2Fwp%2Fv2%2Fcategories&post=53011"},{"taxonomy":"post_tag","embeddable":true,"href":"https:\/\/encuentroinformativo.com.mx\/index.php?rest_route=%2Fwp%2Fv2%2Ftags&post=53011"}],"curies":[{"name":"wp","href":"https:\/\/api.w.org\/{rel}","templated":true}]}}