{"id":53014,"date":"2024-04-09T14:11:24","date_gmt":"2024-04-09T20:11:24","guid":{"rendered":"https:\/\/encuentroinformativo.com.mx\/?p=53014"},"modified":"2024-04-09T14:11:30","modified_gmt":"2024-04-09T20:11:30","slug":"despues-de-un-ano-levantan-planton-de-la-plaza-lerdo","status":"publish","type":"post","link":"https:\/\/encuentroinformativo.com.mx\/?p=53014","title":{"rendered":"Despu\u00e9s de un a\u00f1o, levantan plant\u00f3n de la Plaza Lerdo"},"content":{"rendered":"\n<p><strong>Juan Arcos<\/strong><\/p>\n\n\n\n<p>Xalapa, Ver.- Despu\u00e9s de m\u00e1s de un a\u00f1o, los integrantes del Frente Nacional de Lucha por el Socialismo (FNLS) anunciaron el retiro de su plant\u00f3n en Plaza Sebasti\u00e1n Lerdo de Tejada, en la ciudad de Xalapa.<\/p>\n\n\n\n<p>Los defensores de derechos humanos cumplieron 414 d\u00edas de protesta en la capital de Veracruz e indicaron que el campamento se trasladar\u00eda a la Ciudad de M\u00e9xico para continuar con la exigencia a nivel nacional.<\/p>\n\n\n\n<p>De acuerdo con Ram\u00f3n Fern\u00e1ndez Dolores, representante del FNLS en Xalapa, el plant\u00f3n se instal\u00f3 en \u201cPlaza Regina Mart\u00ednez\u201d el 20 de febrero de 2023, para exigir justicia por sus compa\u00f1eros que fueron asesinados o reportados como desaparecidos.<\/p>\n\n\n\n<p>Los quejosos viajar\u00edan a la Ciudad de M\u00e9xico para buscar la intervenci\u00f3n de las autoridades federales en la soluci\u00f3n de sus demandas, como la presentaci\u00f3n con vida de Edmundo Reyes Amaya y Gabriel Alberto Cruz S\u00e1nchez, as\u00ed como de Fidencio G\u00f3mez Santiz.<\/p>\n\n\n\n<p>Tambi\u00e9n reclamaron un juicio y castigo a los responsables de la ejecuci\u00f3n extrajudicial de Gregorio de la Cruz de la Cruz en junio de 2023, en los l\u00edmites de Veracruz, con el estado de Hidalgo.<\/p>\n\n\n\n<p>\u201cAnte la cerraz\u00f3n de no atender nuestra exigencia, ni de respetar el derecho de petici\u00f3n, ponemos a nivel nacional la exigencia de libertad inmediata e incondicional del compa\u00f1ero Higinio Bustos Navarro, preso pol\u00edtico de la presente a quien se le ha violentado el derecho al debido proceso y la presunci\u00f3n de inocencia\u201d.<\/p>\n\n\n\n<p>Adem\u00e1s, exigieron la liberaci\u00f3n de su compa\u00f1ero Higinio Bustos Navarro, detenido el 4 de mayo de 2020, acusado del presunto asesinato de un militar hace m\u00e1s de diez a\u00f1os y sentenciado a 20 a\u00f1os de prisi\u00f3n.<\/p>\n\n\n\n<p>\u201cLevantamos la acci\u00f3n pol\u00edtica de masas instalada en Plaza Regina el 20 de febrero de 2023 para trasladar el plantel a la Ciudad de M\u00e9xico con la finalidad de ampliar la denuncia a nivel nacional, acudir a instancias de procuraci\u00f3n de justicia y de derechos humanos gubernamentales y no gubernamentales de \u00edndole federal para exponer nuestras demandas y obtener justicia sin abandonar la atenci\u00f3n en la ciudad capital de Xalapa en los aspectos jur\u00eddicos y pol\u00edticos\u201d, finaliz\u00f3<\/p>\n","protected":false},"excerpt":{"rendered":"<p>Juan Arcos Xalapa, Ver.- Despu\u00e9s de m\u00e1s de un a\u00f1o, los integrantes del Frente Nacional de Lucha por el Socialismo (FNLS) anunciaron el retiro de su plant\u00f3n en Plaza Sebasti\u00e1n Lerdo de Tejada, en la ciudad de Xalapa. Los defensores de derechos humanos cumplieron 414 d\u00edas de protesta en la capital de Veracruz e indicaron [&hellip;]<\/p>\n","protected":false},"author":2476,"featured_media":53015,"comment_status":"open","ping_status":"open","sticky":false,"template":"","format":"standard","meta":{"_jetpack_memberships_contains_paid_content":false,"footnotes":""},"categories":[3],"tags":[],"class_list":["post-53014","post","type-post","status-publish","format-standard","has-post-thumbnail","hentry","category-xalapa"],"jetpack_featured_media_url":"https:\/\/encuentroinformativo.com.mx\/wp-content\/uploads\/2024\/04\/IMG_3410.jpg","jetpack_sharing_enabled":true,"jetpack_likes_enabled":true,"amp_enabled":true,"_links":{"self":[{"href":"https:\/\/encuentroinformativo.com.mx\/index.php?rest_route=\/wp\/v2\/posts\/53014","targetHints":{"allow":["GET"]}}],"collection":[{"href":"https:\/\/encuentroinformativo.com.mx\/index.php?rest_route=\/wp\/v2\/posts"}],"about":[{"href":"https:\/\/encuentroinformativo.com.mx\/index.php?rest_route=\/wp\/v2\/types\/post"}],"author":[{"embeddable":true,"href":"https:\/\/encuentroinformativo.com.mx\/index.php?rest_route=\/wp\/v2\/users\/2476"}],"replies":[{"embeddable":true,"href":"https:\/\/encuentroinformativo.com.mx\/index.php?rest_route=%2Fwp%2Fv2%2Fcomments&post=53014"}],"version-history":[{"count":1,"href":"https:\/\/encuentroinformativo.com.mx\/index.php?rest_route=\/wp\/v2\/posts\/53014\/revisions"}],"predecessor-version":[{"id":53016,"href":"https:\/\/encuentroinformativo.com.mx\/index.php?rest_route=\/wp\/v2\/posts\/53014\/revisions\/53016"}],"wp:featuredmedia":[{"embeddable":true,"href":"https:\/\/encuentroinformativo.com.mx\/index.php?rest_route=\/wp\/v2\/media\/53015"}],"wp:attachment":[{"href":"https:\/\/encuentroinformativo.com.mx\/index.php?rest_route=%2Fwp%2Fv2%2Fmedia&parent=53014"}],"wp:term":[{"taxonomy":"category","embeddable":true,"href":"https:\/\/encuentroinformativo.com.mx\/index.php?rest_route=%2Fwp%2Fv2%2Fcategories&post=53014"},{"taxonomy":"post_tag","embeddable":true,"href":"https:\/\/encuentroinformativo.com.mx\/index.php?rest_route=%2Fwp%2Fv2%2Ftags&post=53014"}],"curies":[{"name":"wp","href":"https:\/\/api.w.org\/{rel}","templated":true}]}}