{"id":53022,"date":"2024-04-09T14:26:28","date_gmt":"2024-04-09T20:26:28","guid":{"rendered":"https:\/\/encuentroinformativo.com.mx\/?p=53022"},"modified":"2024-04-09T14:26:32","modified_gmt":"2024-04-09T20:26:32","slug":"firman-ivai-veracruz-e-iaip-tlaxcala-convenio-de-colaboracion","status":"publish","type":"post","link":"https:\/\/encuentroinformativo.com.mx\/?p=53022","title":{"rendered":"Firman IVAI Veracruz e IAIP Tlaxcala Convenio de Colaboraci\u00f3n"},"content":{"rendered":"\n<p>Tlaxcala de Xicot\u00e9ncatl, Tlax.- Bajo una visi\u00f3n que se basa en el compromiso con la transparencia, la protecci\u00f3n de datos personales y la rendici\u00f3n de cuentas hacia las y los ciudadanos que nos conf\u00edan la gesti\u00f3n de la informaci\u00f3n p\u00fablica, este d\u00eda se llev\u00f3 a cabo la Firma de Convenio de Colaboraci\u00f3n y Coordinaci\u00f3n entre el Instituto Veracruzano de Acceso a la Informaci\u00f3n y Protecci\u00f3n de Datos Personales (IVAI) y el Instituto de Acceso a la Informaci\u00f3n P\u00fablica y Protecci\u00f3n de Datos Personales del Estado de Tlaxcala (IAIP Tlaxcala).<\/p>\n\n\n\n<p>Durante su intervenci\u00f3n, el Comisionado Presidente del IVAI de Veracruz enfatiz\u00f3 el compromiso para establecer una alianza estrat\u00e9gica que permita fortalecer la transparencia, promover el acceso a la informaci\u00f3n p\u00fablica, proteger los datos personales y fomentar una cultura archiv\u00edstica s\u00f3lida en nuestras comunidades.<\/p>\n\n\n\n<p>\u201cEstamos convencidos de que esta relaci\u00f3n interinstitucional ser\u00e1 fruct\u00edfera y dar\u00e1 lugar a grandes proyectos, buenas pr\u00e1cticas y excelentes resultados que beneficiar\u00e1n no s\u00f3lo a nuestros estados, sino tambi\u00e9n al sistema nacional de transparencia en su conjunto\u201d.<\/p>\n\n\n\n<p>La Firma fue presidida por el Comisionado Presidente del IVAI Veracruz y la Comisionada Presidenta del IAIP Tlaxcala, as\u00ed como sus Comisionados y la Comisionada del INAI, en donde tambi\u00e9n estuvo presente el Secretario Ejecutivo del IVAI, una representante de la Ponencia I, adem\u00e1s de servidoras y servidores p\u00fablicos de ambos\u00a0institutos.<\/p>\n\n\n\n<figure class=\"wp-block-image size-large\"><img loading=\"lazy\" decoding=\"async\" width=\"1024\" height=\"681\" src=\"https:\/\/encuentroinformativo.com.mx\/wp-content\/uploads\/2024\/04\/IMG-20240409-WA0054-1024x681.jpg\" alt=\"\" class=\"wp-image-53024\" srcset=\"https:\/\/encuentroinformativo.com.mx\/wp-content\/uploads\/2024\/04\/IMG-20240409-WA0054-1024x681.jpg 1024w, https:\/\/encuentroinformativo.com.mx\/wp-content\/uploads\/2024\/04\/IMG-20240409-WA0054-300x199.jpg 300w, https:\/\/encuentroinformativo.com.mx\/wp-content\/uploads\/2024\/04\/IMG-20240409-WA0054-768x511.jpg 768w, https:\/\/encuentroinformativo.com.mx\/wp-content\/uploads\/2024\/04\/IMG-20240409-WA0054.jpg 1280w\" sizes=\"auto, (max-width: 1024px) 100vw, 1024px\" \/><\/figure>\n","protected":false},"excerpt":{"rendered":"<p>Tlaxcala de Xicot\u00e9ncatl, Tlax.- Bajo una visi\u00f3n que se basa en el compromiso con la transparencia, la protecci\u00f3n de datos personales y la rendici\u00f3n de cuentas hacia las y los ciudadanos que nos conf\u00edan la gesti\u00f3n de la informaci\u00f3n p\u00fablica, este d\u00eda se llev\u00f3 a cabo la Firma de Convenio de Colaboraci\u00f3n y Coordinaci\u00f3n entre [&hellip;]<\/p>\n","protected":false},"author":2476,"featured_media":53023,"comment_status":"open","ping_status":"open","sticky":false,"template":"","format":"standard","meta":{"_jetpack_memberships_contains_paid_content":false,"footnotes":""},"categories":[2],"tags":[],"class_list":["post-53022","post","type-post","status-publish","format-standard","has-post-thumbnail","hentry","category-estado"],"jetpack_featured_media_url":"https:\/\/encuentroinformativo.com.mx\/wp-content\/uploads\/2024\/04\/IMG-20240409-WA0056.jpg","jetpack_sharing_enabled":true,"jetpack_likes_enabled":true,"amp_enabled":true,"_links":{"self":[{"href":"https:\/\/encuentroinformativo.com.mx\/index.php?rest_route=\/wp\/v2\/posts\/53022","targetHints":{"allow":["GET"]}}],"collection":[{"href":"https:\/\/encuentroinformativo.com.mx\/index.php?rest_route=\/wp\/v2\/posts"}],"about":[{"href":"https:\/\/encuentroinformativo.com.mx\/index.php?rest_route=\/wp\/v2\/types\/post"}],"author":[{"embeddable":true,"href":"https:\/\/encuentroinformativo.com.mx\/index.php?rest_route=\/wp\/v2\/users\/2476"}],"replies":[{"embeddable":true,"href":"https:\/\/encuentroinformativo.com.mx\/index.php?rest_route=%2Fwp%2Fv2%2Fcomments&post=53022"}],"version-history":[{"count":1,"href":"https:\/\/encuentroinformativo.com.mx\/index.php?rest_route=\/wp\/v2\/posts\/53022\/revisions"}],"predecessor-version":[{"id":53025,"href":"https:\/\/encuentroinformativo.com.mx\/index.php?rest_route=\/wp\/v2\/posts\/53022\/revisions\/53025"}],"wp:featuredmedia":[{"embeddable":true,"href":"https:\/\/encuentroinformativo.com.mx\/index.php?rest_route=\/wp\/v2\/media\/53023"}],"wp:attachment":[{"href":"https:\/\/encuentroinformativo.com.mx\/index.php?rest_route=%2Fwp%2Fv2%2Fmedia&parent=53022"}],"wp:term":[{"taxonomy":"category","embeddable":true,"href":"https:\/\/encuentroinformativo.com.mx\/index.php?rest_route=%2Fwp%2Fv2%2Fcategories&post=53022"},{"taxonomy":"post_tag","embeddable":true,"href":"https:\/\/encuentroinformativo.com.mx\/index.php?rest_route=%2Fwp%2Fv2%2Ftags&post=53022"}],"curies":[{"name":"wp","href":"https:\/\/api.w.org\/{rel}","templated":true}]}}