{"id":53029,"date":"2024-04-09T15:13:30","date_gmt":"2024-04-09T21:13:30","guid":{"rendered":"https:\/\/encuentroinformativo.com.mx\/?p=53029"},"modified":"2024-04-09T15:13:37","modified_gmt":"2024-04-09T21:13:37","slug":"descartan-portazo-por-presencia-de-bronco-en-juego-de-estrellas","status":"publish","type":"post","link":"https:\/\/encuentroinformativo.com.mx\/?p=53029","title":{"rendered":"Descartan &#8220;portazo&#8221; por presencia de Bronco en Juego de Estrellas"},"content":{"rendered":"\n<p><strong>Alejandro \u00c1vila<\/strong><\/p>\n\n\n\n<p>Boca del R\u00edo, Ver.- La directiva del \u00c1guila de Veracruz descart\u00f3 que haya un &#8220;portazo&#8221; el pr\u00f3ximo s\u00e1bado 25 de mayo durante la presentaci\u00f3n la agrupaci\u00f3n Bronco, qui\u00e9n estar\u00e1 amenizando el Juegos de Estrellas de la Liga Mexicana de B\u00e9isbol.<\/p>\n\n\n\n<p>Cabe destacar que el pasado 7 de abril durante el concierto &#8220;Pr\u00f3fugos del Anexo&#8221; que comparten Juli\u00f3n \u00c1lvarez y Alfredo Olivas, decenas de fan\u00e1ticos que no encontraron boleto violaron los cinturones de seguridad e ingresaron al estadio de b\u00e9isbol &#8220;Beto \u00c1vila&#8221;.<\/p>\n\n\n\n<p>&#8220;Nosotros usualmente cuando viene un artista rentamos, bueno no se dice rentar, el estadio se presta de una manera y no operamos nosotros. En este caso, lo que es el Juegos de Estrellas siempre que es b\u00e9isbol lo operamos nosotros, nosotros estamos muy en contacto con las autoridades, estamos muy en contacto con Jorge Rojas de Protecci\u00f3n Civil, lo tenemos muy cerca, \u00e9l nos todos los puntos que tenemos que tener siempre listos, creo que ustedes han venido al b\u00e9isbol muchas veces, nosotros somos otro tipo de espect\u00e1culo, un espect\u00e1culo con m\u00e1s orden y creo que no le veo ning\u00fan problema, al rev\u00e9s, creo que va a salir excelente, creo que lo van a disfrutar como disfrutan el b\u00e9isbol todos ustedes, y nos emociona tenerlo. Ustedes conocen que aqu\u00ed en esta casa trabajamos muy bien nosotros&#8221;, mencion\u00f3 H\u00e9ctor Fitch, director general del \u00c1guila de Veracruz.<\/p>\n\n\n\n<p>El propio directivo mencion\u00f3 que el viernes 24 de mayo se tendr\u00e1 un concierto del colectivo veracruzano de reguet\u00f3n Fullbrand; mientras que el domingo 26 de mayo un grupo de cumbia veracruzano, a\u00fan por confirmar.<\/p>\n\n\n\n<p>De la misma manera, record\u00f3 que el pr\u00f3ximo jueves 16 de abril durante la inauguraci\u00f3n de la temporada en casa, habr\u00e1 concierto de Junior Klan; y puntualiz\u00f3 que todos los partidos del local de la del \u00c1guila de Veracruz que sean entre semana se realizar\u00e1n a las 8 de la noche, mientras que los de fines de semana ser\u00e1n a las 6 de la tarde.<\/p>\n","protected":false},"excerpt":{"rendered":"<p>Alejandro \u00c1vila Boca del R\u00edo, Ver.- La directiva del \u00c1guila de Veracruz descart\u00f3 que haya un &#8220;portazo&#8221; el pr\u00f3ximo s\u00e1bado 25 de mayo durante la presentaci\u00f3n la agrupaci\u00f3n Bronco, qui\u00e9n estar\u00e1 amenizando el Juegos de Estrellas de la Liga Mexicana de B\u00e9isbol. Cabe destacar que el pasado 7 de abril durante el concierto &#8220;Pr\u00f3fugos del [&hellip;]<\/p>\n","protected":false},"author":2476,"featured_media":53030,"comment_status":"open","ping_status":"open","sticky":false,"template":"","format":"standard","meta":{"_jetpack_memberships_contains_paid_content":false,"footnotes":""},"categories":[2],"tags":[],"class_list":["post-53029","post","type-post","status-publish","format-standard","has-post-thumbnail","hentry","category-estado"],"jetpack_featured_media_url":"https:\/\/encuentroinformativo.com.mx\/wp-content\/uploads\/2024\/04\/IMG-20240409-WA0089.jpg","jetpack_sharing_enabled":true,"jetpack_likes_enabled":true,"amp_enabled":true,"_links":{"self":[{"href":"https:\/\/encuentroinformativo.com.mx\/index.php?rest_route=\/wp\/v2\/posts\/53029","targetHints":{"allow":["GET"]}}],"collection":[{"href":"https:\/\/encuentroinformativo.com.mx\/index.php?rest_route=\/wp\/v2\/posts"}],"about":[{"href":"https:\/\/encuentroinformativo.com.mx\/index.php?rest_route=\/wp\/v2\/types\/post"}],"author":[{"embeddable":true,"href":"https:\/\/encuentroinformativo.com.mx\/index.php?rest_route=\/wp\/v2\/users\/2476"}],"replies":[{"embeddable":true,"href":"https:\/\/encuentroinformativo.com.mx\/index.php?rest_route=%2Fwp%2Fv2%2Fcomments&post=53029"}],"version-history":[{"count":1,"href":"https:\/\/encuentroinformativo.com.mx\/index.php?rest_route=\/wp\/v2\/posts\/53029\/revisions"}],"predecessor-version":[{"id":53031,"href":"https:\/\/encuentroinformativo.com.mx\/index.php?rest_route=\/wp\/v2\/posts\/53029\/revisions\/53031"}],"wp:featuredmedia":[{"embeddable":true,"href":"https:\/\/encuentroinformativo.com.mx\/index.php?rest_route=\/wp\/v2\/media\/53030"}],"wp:attachment":[{"href":"https:\/\/encuentroinformativo.com.mx\/index.php?rest_route=%2Fwp%2Fv2%2Fmedia&parent=53029"}],"wp:term":[{"taxonomy":"category","embeddable":true,"href":"https:\/\/encuentroinformativo.com.mx\/index.php?rest_route=%2Fwp%2Fv2%2Fcategories&post=53029"},{"taxonomy":"post_tag","embeddable":true,"href":"https:\/\/encuentroinformativo.com.mx\/index.php?rest_route=%2Fwp%2Fv2%2Ftags&post=53029"}],"curies":[{"name":"wp","href":"https:\/\/api.w.org\/{rel}","templated":true}]}}