{"id":5303,"date":"2020-08-28T15:21:35","date_gmt":"2020-08-28T20:21:35","guid":{"rendered":"https:\/\/encuentroinformativo.com\/?p=5303"},"modified":"2020-08-28T15:22:08","modified_gmt":"2020-08-28T20:22:08","slug":"se-analizan-las-alianzas-politicas-americo-zuniga","status":"publish","type":"post","link":"https:\/\/encuentroinformativo.com.mx\/?p=5303","title":{"rendered":"Se analizan las alianzas pol\u00edticas: Am\u00e9rico Z\u00fa\u00f1iga"},"content":{"rendered":"\n<p><strong>Dar\u00edo Pale <\/strong><\/p>\n\n\n\n<p>Xalapa, Ver.- El ex presidente municipal y ex dirigente del Partido Revolucionario Institucional (PRI) en Veracruz, Am\u00e9rico Z\u00fa\u00f1iga Mart\u00ednez dio a conocer sobre la alianza que se perfila en el estado con los partidos Acci\u00f3n Nacional (PAN) y de la Revoluci\u00f3n Democr\u00e1tica (PRD) para el proceso electoral local del pr\u00f3ximo a\u00f1o, que no se trata de hacer una coalici\u00f3n solo por el poder.<\/p>\n\n\n\n<p>Entrevistado en un conocido sal\u00f3n del centro de Xalapa se\u00f1al\u00f3 que, &#8220;la principal alianza que tiene que hacer el partido y todos los dem\u00e1s partidos es con la sociedad. No se trata de hacer una coalici\u00f3n simple y sencillamente por buscar el poder&#8221;.<\/p>\n\n\n\n<p>Dijo que se debe cuestionar el por qu\u00e9 de buscar un cargo de elecci\u00f3n popular antes de los motivos de una alianza entre partidos.<\/p>\n\n\n\n<p>&#8220;No se trata de qui\u00e9n quiere, se trata de para qu\u00e9 lo quieren. No se trata de que una persona determinada quiera aspirar, quiera ser candidata o trabajar, si no para qu\u00e9 lo va a hacer, para qu\u00e9 lo va a lograr&#8221;.<\/p>\n\n\n\n<p>Finalmente sobre el destape del expriista H\u00e9ctor Yunes Landa a la gubernatura del estado, dijo que &#8220;no deber\u00eda de sorprender&#8221;, pero puntualiz\u00f3 que antes de hablar del a\u00f1o 2024 se debe hablar antes del 2021.<\/p>\n\n\n\n<p><\/p>\n","protected":false},"excerpt":{"rendered":"<p>Dar\u00edo Pale Xalapa, Ver.- El ex presidente municipal y ex dirigente del Partido Revolucionario Institucional (PRI) en Veracruz, Am\u00e9rico Z\u00fa\u00f1iga Mart\u00ednez dio a conocer sobre la alianza que se perfila en el estado con los partidos Acci\u00f3n Nacional (PAN) y de la Revoluci\u00f3n Democr\u00e1tica (PRD) para el proceso electoral local del pr\u00f3ximo a\u00f1o, que no [&hellip;]<\/p>\n","protected":false},"author":1,"featured_media":5304,"comment_status":"open","ping_status":"open","sticky":false,"template":"","format":"standard","meta":{"_jetpack_memberships_contains_paid_content":false,"footnotes":""},"categories":[2],"tags":[],"class_list":["post-5303","post","type-post","status-publish","format-standard","has-post-thumbnail","hentry","category-estado"],"jetpack_featured_media_url":"https:\/\/encuentroinformativo.com.mx\/wp-content\/uploads\/2020\/08\/E2F6FE74-44C4-45B1-83E0-0736657A6A1C.jpeg","jetpack_sharing_enabled":true,"jetpack_likes_enabled":true,"amp_enabled":true,"_links":{"self":[{"href":"https:\/\/encuentroinformativo.com.mx\/index.php?rest_route=\/wp\/v2\/posts\/5303","targetHints":{"allow":["GET"]}}],"collection":[{"href":"https:\/\/encuentroinformativo.com.mx\/index.php?rest_route=\/wp\/v2\/posts"}],"about":[{"href":"https:\/\/encuentroinformativo.com.mx\/index.php?rest_route=\/wp\/v2\/types\/post"}],"author":[{"embeddable":true,"href":"https:\/\/encuentroinformativo.com.mx\/index.php?rest_route=\/wp\/v2\/users\/1"}],"replies":[{"embeddable":true,"href":"https:\/\/encuentroinformativo.com.mx\/index.php?rest_route=%2Fwp%2Fv2%2Fcomments&post=5303"}],"version-history":[{"count":1,"href":"https:\/\/encuentroinformativo.com.mx\/index.php?rest_route=\/wp\/v2\/posts\/5303\/revisions"}],"predecessor-version":[{"id":5305,"href":"https:\/\/encuentroinformativo.com.mx\/index.php?rest_route=\/wp\/v2\/posts\/5303\/revisions\/5305"}],"wp:featuredmedia":[{"embeddable":true,"href":"https:\/\/encuentroinformativo.com.mx\/index.php?rest_route=\/wp\/v2\/media\/5304"}],"wp:attachment":[{"href":"https:\/\/encuentroinformativo.com.mx\/index.php?rest_route=%2Fwp%2Fv2%2Fmedia&parent=5303"}],"wp:term":[{"taxonomy":"category","embeddable":true,"href":"https:\/\/encuentroinformativo.com.mx\/index.php?rest_route=%2Fwp%2Fv2%2Fcategories&post=5303"},{"taxonomy":"post_tag","embeddable":true,"href":"https:\/\/encuentroinformativo.com.mx\/index.php?rest_route=%2Fwp%2Fv2%2Ftags&post=5303"}],"curies":[{"name":"wp","href":"https:\/\/api.w.org\/{rel}","templated":true}]}}