{"id":53032,"date":"2024-04-09T15:15:44","date_gmt":"2024-04-09T21:15:44","guid":{"rendered":"https:\/\/encuentroinformativo.com.mx\/?p=53032"},"modified":"2024-04-09T15:15:51","modified_gmt":"2024-04-09T21:15:51","slug":"veracruz-dejo-de-ser-primer-lugar-en-produccion-de-arroz","status":"publish","type":"post","link":"https:\/\/encuentroinformativo.com.mx\/?p=53032","title":{"rendered":"Veracruz dej\u00f3 de ser primer lugar en producci\u00f3n de arroz"},"content":{"rendered":"\n<p><strong>Alejandro \u00c1vila<\/strong><\/p>\n\n\n\n<p>Veracruz, Ver.- Durante este sexenio la entidad veracruzana dej\u00f3 de ser el primer lugar en producci\u00f3n de arroz; ahora se encuentra en cuarto sitio a nivel nacional, lo que significa una p\u00e9rdida del 50 por ciento de lo que normalmente produc\u00eda.<\/p>\n\n\n\n<p>El presidente del Consejo Nacional de Productores de Arroz en M\u00e9xico, Pedro Alejandro D\u00edaz Hartz, se\u00f1al\u00f3 que la falta de apoyo para la siembra por parte del gobierno federal ha dejado en desventaja al campo mexicano y dado pie a la exportaci\u00f3n.<\/p>\n\n\n\n<p>\u201cEst\u00e1 peor, est\u00e1 perdida, la realidad de las cosas es que hemos bajado normalmente con lo que sembr\u00e1bamos se ha bajado alrededor de un 40 a 50 por ciento de la producci\u00f3n, falta de apoyo y condiciones pol\u00edticas sobre todo no hay las condiciones de quitar todos los apoyos que existen para el sector productivo primario, eso ha provocado la baja\u201d, dijo.<\/p>\n\n\n\n<p>El productor primario lament\u00f3 que se retiraran los programas sociales para el campo; adem\u00e1s, se\u00f1al\u00f3 que ya no existen instituciones financieras para costear la implementaci\u00f3n de tecnolog\u00eda e infraestructura.<\/p>\n\n\n\n<p>\u201cVeracruz hasta 2019 fuimos primer lugar en todo el pa\u00eds, hoy somos el cuarto lugar. Se est\u00e1 sustituyendo con importaciones principalmente de Brasil&#8221;.<\/p>\n","protected":false},"excerpt":{"rendered":"<p>Alejandro \u00c1vila Veracruz, Ver.- Durante este sexenio la entidad veracruzana dej\u00f3 de ser el primer lugar en producci\u00f3n de arroz; ahora se encuentra en cuarto sitio a nivel nacional, lo que significa una p\u00e9rdida del 50 por ciento de lo que normalmente produc\u00eda. El presidente del Consejo Nacional de Productores de Arroz en M\u00e9xico, Pedro [&hellip;]<\/p>\n","protected":false},"author":2476,"featured_media":53033,"comment_status":"open","ping_status":"open","sticky":false,"template":"","format":"standard","meta":{"_jetpack_memberships_contains_paid_content":false,"footnotes":""},"categories":[2],"tags":[],"class_list":["post-53032","post","type-post","status-publish","format-standard","has-post-thumbnail","hentry","category-estado"],"jetpack_featured_media_url":"https:\/\/encuentroinformativo.com.mx\/wp-content\/uploads\/2024\/04\/IMG-20240409-WA0092.jpg","jetpack_sharing_enabled":true,"jetpack_likes_enabled":true,"amp_enabled":true,"_links":{"self":[{"href":"https:\/\/encuentroinformativo.com.mx\/index.php?rest_route=\/wp\/v2\/posts\/53032","targetHints":{"allow":["GET"]}}],"collection":[{"href":"https:\/\/encuentroinformativo.com.mx\/index.php?rest_route=\/wp\/v2\/posts"}],"about":[{"href":"https:\/\/encuentroinformativo.com.mx\/index.php?rest_route=\/wp\/v2\/types\/post"}],"author":[{"embeddable":true,"href":"https:\/\/encuentroinformativo.com.mx\/index.php?rest_route=\/wp\/v2\/users\/2476"}],"replies":[{"embeddable":true,"href":"https:\/\/encuentroinformativo.com.mx\/index.php?rest_route=%2Fwp%2Fv2%2Fcomments&post=53032"}],"version-history":[{"count":1,"href":"https:\/\/encuentroinformativo.com.mx\/index.php?rest_route=\/wp\/v2\/posts\/53032\/revisions"}],"predecessor-version":[{"id":53034,"href":"https:\/\/encuentroinformativo.com.mx\/index.php?rest_route=\/wp\/v2\/posts\/53032\/revisions\/53034"}],"wp:featuredmedia":[{"embeddable":true,"href":"https:\/\/encuentroinformativo.com.mx\/index.php?rest_route=\/wp\/v2\/media\/53033"}],"wp:attachment":[{"href":"https:\/\/encuentroinformativo.com.mx\/index.php?rest_route=%2Fwp%2Fv2%2Fmedia&parent=53032"}],"wp:term":[{"taxonomy":"category","embeddable":true,"href":"https:\/\/encuentroinformativo.com.mx\/index.php?rest_route=%2Fwp%2Fv2%2Fcategories&post=53032"},{"taxonomy":"post_tag","embeddable":true,"href":"https:\/\/encuentroinformativo.com.mx\/index.php?rest_route=%2Fwp%2Fv2%2Ftags&post=53032"}],"curies":[{"name":"wp","href":"https:\/\/api.w.org\/{rel}","templated":true}]}}