{"id":53038,"date":"2024-04-09T15:34:47","date_gmt":"2024-04-09T21:34:47","guid":{"rendered":"https:\/\/encuentroinformativo.com.mx\/?p=53038"},"modified":"2024-04-09T15:34:53","modified_gmt":"2024-04-09T21:34:53","slug":"veracruz-volvera-a-ser-referente-en-los-sectores-productivos","status":"publish","type":"post","link":"https:\/\/encuentroinformativo.com.mx\/?p=53038","title":{"rendered":"Veracruz volver\u00e1 a ser referente en los sectores productivos"},"content":{"rendered":"\n<p><strong>Alejandro \u00c1vila<\/strong><\/p>\n\n\n\n<p>Veracruz, Ver.- El candidato de la alianza &#8220;Fuerza y Coraz\u00f3n por Veracruz&#8221;, Jos\u00e9 Francisco Yunes Zorrilla, asegur\u00f3 que Veracruz volver\u00e1 a ser un referente en los sectores productivos, pues regresar\u00e1 el apoyo total al campo.<\/p>\n\n\n\n<p>El candidato de oposici\u00f3n lament\u00f3 el abandono en que se encuentra el campo veracruzano, por ello, se comprometi\u00f3 a revivirlo desde el aspecto productivo con programas de apoyo, dado que en esta administraci\u00f3n se cancelaron todos los recursos para hacer productivo al campo.<\/p>\n\n\n\n<p>Asever\u00f3 que adem\u00e1s de continuar con los apoyos sociales, se generar\u00e1n programas que motiven la productividad de este sector, a trav\u00e9s de tecnificaci\u00f3n y capacitaci\u00f3n.<\/p>\n\n\n\n<p>\u201cEl campo est\u00e1 abandonado en todos los \u00f3rdenes desde la federaci\u00f3n hasta el estado, vamos a tomar, vamos a retomar ritmo y vamos a hacer de nueva cuenta Veracruz grande productivamente, Veracruz era referente en muchos de los sectores productivos primarios nacional e internacional, pero lo vamos a recuperar\u201d, dijo.<\/p>\n\n\n\n<p>Agreg\u00f3 que tambi\u00e9n se requiere apoyo de fertilizantes, asistencia en los procesos de comercializaci\u00f3n para que los productos lleguen a m\u00e1s mercados, as\u00ed como acceso a cr\u00e9ditos.<\/p>\n","protected":false},"excerpt":{"rendered":"<p>Alejandro \u00c1vila Veracruz, Ver.- El candidato de la alianza &#8220;Fuerza y Coraz\u00f3n por Veracruz&#8221;, Jos\u00e9 Francisco Yunes Zorrilla, asegur\u00f3 que Veracruz volver\u00e1 a ser un referente en los sectores productivos, pues regresar\u00e1 el apoyo total al campo. El candidato de oposici\u00f3n lament\u00f3 el abandono en que se encuentra el campo veracruzano, por ello, se comprometi\u00f3 [&hellip;]<\/p>\n","protected":false},"author":2476,"featured_media":53039,"comment_status":"open","ping_status":"open","sticky":false,"template":"","format":"standard","meta":{"_jetpack_memberships_contains_paid_content":false,"footnotes":""},"categories":[2],"tags":[],"class_list":["post-53038","post","type-post","status-publish","format-standard","has-post-thumbnail","hentry","category-estado"],"jetpack_featured_media_url":"https:\/\/encuentroinformativo.com.mx\/wp-content\/uploads\/2024\/04\/IMG-20240409-WA0093.jpg","jetpack_sharing_enabled":true,"jetpack_likes_enabled":true,"amp_enabled":true,"_links":{"self":[{"href":"https:\/\/encuentroinformativo.com.mx\/index.php?rest_route=\/wp\/v2\/posts\/53038","targetHints":{"allow":["GET"]}}],"collection":[{"href":"https:\/\/encuentroinformativo.com.mx\/index.php?rest_route=\/wp\/v2\/posts"}],"about":[{"href":"https:\/\/encuentroinformativo.com.mx\/index.php?rest_route=\/wp\/v2\/types\/post"}],"author":[{"embeddable":true,"href":"https:\/\/encuentroinformativo.com.mx\/index.php?rest_route=\/wp\/v2\/users\/2476"}],"replies":[{"embeddable":true,"href":"https:\/\/encuentroinformativo.com.mx\/index.php?rest_route=%2Fwp%2Fv2%2Fcomments&post=53038"}],"version-history":[{"count":1,"href":"https:\/\/encuentroinformativo.com.mx\/index.php?rest_route=\/wp\/v2\/posts\/53038\/revisions"}],"predecessor-version":[{"id":53040,"href":"https:\/\/encuentroinformativo.com.mx\/index.php?rest_route=\/wp\/v2\/posts\/53038\/revisions\/53040"}],"wp:featuredmedia":[{"embeddable":true,"href":"https:\/\/encuentroinformativo.com.mx\/index.php?rest_route=\/wp\/v2\/media\/53039"}],"wp:attachment":[{"href":"https:\/\/encuentroinformativo.com.mx\/index.php?rest_route=%2Fwp%2Fv2%2Fmedia&parent=53038"}],"wp:term":[{"taxonomy":"category","embeddable":true,"href":"https:\/\/encuentroinformativo.com.mx\/index.php?rest_route=%2Fwp%2Fv2%2Fcategories&post=53038"},{"taxonomy":"post_tag","embeddable":true,"href":"https:\/\/encuentroinformativo.com.mx\/index.php?rest_route=%2Fwp%2Fv2%2Ftags&post=53038"}],"curies":[{"name":"wp","href":"https:\/\/api.w.org\/{rel}","templated":true}]}}