{"id":53041,"date":"2024-04-09T15:42:15","date_gmt":"2024-04-09T21:42:15","guid":{"rendered":"https:\/\/encuentroinformativo.com.mx\/?p=53041"},"modified":"2024-04-09T15:42:21","modified_gmt":"2024-04-09T21:42:21","slug":"consejo-consultivo-de-ivm-no-tiene-vigencia-especialista","status":"publish","type":"post","link":"https:\/\/encuentroinformativo.com.mx\/?p=53041","title":{"rendered":"Consejo consultivo de IVM no tiene vigencia: Especialista"},"content":{"rendered":"\n<p><strong>Dar\u00edo Pale <\/strong><\/p>\n\n\n\n<p>Xalapa, Ver.- La acad\u00e9mica e investigadora, consultora en comunicaci\u00f3n pol\u00edtica y liderazgo, M\u00f3nica Mendoza, respondi\u00f3 que el Consejo Consultivo est\u00e1 vencido en su vigencia desde hace 3 a\u00f1os, esto tras la marcha y queja interpuesta ante el OPLE por parte de la presidenta del Consejo Consultivo del IVM, Graciela Nani Gonz\u00e1lez.<\/p>\n\n\n\n<p>&#8220;Por tanto ninguna consejera tiene vigencia legal para la funcional (sic.) para la que fueron electas&#8221;, se\u00f1al\u00f3.<\/p>\n\n\n\n<p>&#8220;Por cierto\u2026 el Consejo ha sido omiso a la grave violencia contra las mujeres de este estado&#8221;, agrego.<\/p>\n\n\n\n<p>Cabe recordar que Graciela Nani quien encabez\u00f3 una marcha este martes, obtuvo el Premio Estatal de la Mujer.<\/p>\n\n\n\n<p>Hoy fue la encargada de movilizar a decenas de mujeres para presentar la queja ante el \u00f3rgano electoral por la supuesta violencia pol\u00edtica en raz\u00f3n de g\u00e9nero cometida en contra de la candidata a la gubernatura de Veracruz, al haber sido denunciada por presunto enriquecimiento il\u00edcito.<\/p>\n\n\n\n<figure class=\"wp-block-image size-large\"><img loading=\"lazy\" decoding=\"async\" width=\"1024\" height=\"905\" src=\"https:\/\/encuentroinformativo.com.mx\/wp-content\/uploads\/2024\/04\/IMG-20240409-WA0090-1-1024x905.jpg\" alt=\"\" class=\"wp-image-53044\" srcset=\"https:\/\/encuentroinformativo.com.mx\/wp-content\/uploads\/2024\/04\/IMG-20240409-WA0090-1-1024x905.jpg 1024w, https:\/\/encuentroinformativo.com.mx\/wp-content\/uploads\/2024\/04\/IMG-20240409-WA0090-1-300x265.jpg 300w, https:\/\/encuentroinformativo.com.mx\/wp-content\/uploads\/2024\/04\/IMG-20240409-WA0090-1-768x679.jpg 768w, https:\/\/encuentroinformativo.com.mx\/wp-content\/uploads\/2024\/04\/IMG-20240409-WA0090-1.jpg 1080w\" sizes=\"auto, (max-width: 1024px) 100vw, 1024px\" \/><\/figure>\n","protected":false},"excerpt":{"rendered":"<p>Dar\u00edo Pale Xalapa, Ver.- La acad\u00e9mica e investigadora, consultora en comunicaci\u00f3n pol\u00edtica y liderazgo, M\u00f3nica Mendoza, respondi\u00f3 que el Consejo Consultivo est\u00e1 vencido en su vigencia desde hace 3 a\u00f1os, esto tras la marcha y queja interpuesta ante el OPLE por parte de la presidenta del Consejo Consultivo del IVM, Graciela Nani Gonz\u00e1lez. &#8220;Por tanto [&hellip;]<\/p>\n","protected":false},"author":2476,"featured_media":53042,"comment_status":"open","ping_status":"open","sticky":false,"template":"","format":"standard","meta":{"_jetpack_memberships_contains_paid_content":false,"footnotes":""},"categories":[2],"tags":[],"class_list":["post-53041","post","type-post","status-publish","format-standard","has-post-thumbnail","hentry","category-estado"],"jetpack_featured_media_url":"https:\/\/encuentroinformativo.com.mx\/wp-content\/uploads\/2024\/04\/IMG-20240409-WA0090.jpg","jetpack_sharing_enabled":true,"jetpack_likes_enabled":true,"amp_enabled":true,"_links":{"self":[{"href":"https:\/\/encuentroinformativo.com.mx\/index.php?rest_route=\/wp\/v2\/posts\/53041","targetHints":{"allow":["GET"]}}],"collection":[{"href":"https:\/\/encuentroinformativo.com.mx\/index.php?rest_route=\/wp\/v2\/posts"}],"about":[{"href":"https:\/\/encuentroinformativo.com.mx\/index.php?rest_route=\/wp\/v2\/types\/post"}],"author":[{"embeddable":true,"href":"https:\/\/encuentroinformativo.com.mx\/index.php?rest_route=\/wp\/v2\/users\/2476"}],"replies":[{"embeddable":true,"href":"https:\/\/encuentroinformativo.com.mx\/index.php?rest_route=%2Fwp%2Fv2%2Fcomments&post=53041"}],"version-history":[{"count":2,"href":"https:\/\/encuentroinformativo.com.mx\/index.php?rest_route=\/wp\/v2\/posts\/53041\/revisions"}],"predecessor-version":[{"id":53045,"href":"https:\/\/encuentroinformativo.com.mx\/index.php?rest_route=\/wp\/v2\/posts\/53041\/revisions\/53045"}],"wp:featuredmedia":[{"embeddable":true,"href":"https:\/\/encuentroinformativo.com.mx\/index.php?rest_route=\/wp\/v2\/media\/53042"}],"wp:attachment":[{"href":"https:\/\/encuentroinformativo.com.mx\/index.php?rest_route=%2Fwp%2Fv2%2Fmedia&parent=53041"}],"wp:term":[{"taxonomy":"category","embeddable":true,"href":"https:\/\/encuentroinformativo.com.mx\/index.php?rest_route=%2Fwp%2Fv2%2Fcategories&post=53041"},{"taxonomy":"post_tag","embeddable":true,"href":"https:\/\/encuentroinformativo.com.mx\/index.php?rest_route=%2Fwp%2Fv2%2Ftags&post=53041"}],"curies":[{"name":"wp","href":"https:\/\/api.w.org\/{rel}","templated":true}]}}