{"id":53046,"date":"2024-04-09T15:48:04","date_gmt":"2024-04-09T21:48:04","guid":{"rendered":"https:\/\/encuentroinformativo.com.mx\/?p=53046"},"modified":"2024-04-09T15:48:10","modified_gmt":"2024-04-09T21:48:10","slug":"piden-no-manipular-tema-de-violencia-politica","status":"publish","type":"post","link":"https:\/\/encuentroinformativo.com.mx\/?p=53046","title":{"rendered":"Piden no manipular tema de violencia pol\u00edtica"},"content":{"rendered":"\n<p>Xalapa, Ver.- Las mujeres veracruzanas, la oposici\u00f3n pol\u00edtica manifiesta en el Frente Amplio Opositor, Fuerza y Coraz\u00f3n por M\u00e9xico, Fuerza y Coraz\u00f3n por Veracruz; tenemos muy claro lo que es la \u201cViolencia Pol\u00edtica en contra de las mujeres en raz\u00f3n de Genero\u201d que hoy busca enmascararse con arengas y llamados proselitistas de la candidata de Morena, Roc\u00edo Nahle, para victimizarse.<\/p>\n\n\n\n<p>Veracruz ha sufrido en carne viva el sacrificio de nuestras mujeres ante la escalada feminicida somos el tercer lugar nacional, hemos llorado por la desaparici\u00f3n o muerte de nuestras madres, hijas, hermanas; por nuestras vecinas, compa\u00f1eras de trabajo y nuestras j\u00f3venes que nunca m\u00e1s regresaron a sus hogares, como para hoy permitir que se desvirt\u00fae con manejos electorales y marchas obligadas.<\/p>\n\n\n\n<p>Las mujeres veracruzanas, sus organizaciones civiles, los colectivos que hist\u00f3ricamente abanderan esas causas por violencia en todas sus modalidades, por desapariciones forzadas, cr\u00edmenes de odio de cara a la indolencia gubernamental, no podemos permitir que esta aspirante de origen zacatecano use esa bandera te\u00f1ida en sangre como estandarte de justificaci\u00f3n cuando su pasado ominoso la se\u00f1ala no por creerse v\u00edctima de violencia pol\u00edtica contra las mujeres en raz\u00f3n de g\u00e9nero, sino por su pasado de corrupci\u00f3n y fortuna inexplicable por esa ostentaci\u00f3n de lujos que ofende a la sociedad veracruzana.<\/p>\n\n\n\n<p>Vaya nuestro m\u00e1s en\u00e9rgico repudio a esta aspirante a gobernar Veracruz en donde el 52% somos mujeres y Veracruzanas de Verdad.<\/p>\n\n\n\n<p>\u00a1Veracruz para los veracruzanos!<br>PAN-PRI-PRD \u00a1Unidos por Veracruz!<\/p>\n","protected":false},"excerpt":{"rendered":"<p>Xalapa, Ver.- Las mujeres veracruzanas, la oposici\u00f3n pol\u00edtica manifiesta en el Frente Amplio Opositor, Fuerza y Coraz\u00f3n por M\u00e9xico, Fuerza y Coraz\u00f3n por Veracruz; tenemos muy claro lo que es la \u201cViolencia Pol\u00edtica en contra de las mujeres en raz\u00f3n de Genero\u201d que hoy busca enmascararse con arengas y llamados proselitistas de la candidata de [&hellip;]<\/p>\n","protected":false},"author":2476,"featured_media":53047,"comment_status":"open","ping_status":"open","sticky":false,"template":"","format":"standard","meta":{"_jetpack_memberships_contains_paid_content":false,"footnotes":""},"categories":[2],"tags":[],"class_list":["post-53046","post","type-post","status-publish","format-standard","has-post-thumbnail","hentry","category-estado"],"jetpack_featured_media_url":"https:\/\/encuentroinformativo.com.mx\/wp-content\/uploads\/2024\/04\/IMG-20240409-WA01052.jpg","jetpack_sharing_enabled":true,"jetpack_likes_enabled":true,"amp_enabled":true,"_links":{"self":[{"href":"https:\/\/encuentroinformativo.com.mx\/index.php?rest_route=\/wp\/v2\/posts\/53046","targetHints":{"allow":["GET"]}}],"collection":[{"href":"https:\/\/encuentroinformativo.com.mx\/index.php?rest_route=\/wp\/v2\/posts"}],"about":[{"href":"https:\/\/encuentroinformativo.com.mx\/index.php?rest_route=\/wp\/v2\/types\/post"}],"author":[{"embeddable":true,"href":"https:\/\/encuentroinformativo.com.mx\/index.php?rest_route=\/wp\/v2\/users\/2476"}],"replies":[{"embeddable":true,"href":"https:\/\/encuentroinformativo.com.mx\/index.php?rest_route=%2Fwp%2Fv2%2Fcomments&post=53046"}],"version-history":[{"count":1,"href":"https:\/\/encuentroinformativo.com.mx\/index.php?rest_route=\/wp\/v2\/posts\/53046\/revisions"}],"predecessor-version":[{"id":53048,"href":"https:\/\/encuentroinformativo.com.mx\/index.php?rest_route=\/wp\/v2\/posts\/53046\/revisions\/53048"}],"wp:featuredmedia":[{"embeddable":true,"href":"https:\/\/encuentroinformativo.com.mx\/index.php?rest_route=\/wp\/v2\/media\/53047"}],"wp:attachment":[{"href":"https:\/\/encuentroinformativo.com.mx\/index.php?rest_route=%2Fwp%2Fv2%2Fmedia&parent=53046"}],"wp:term":[{"taxonomy":"category","embeddable":true,"href":"https:\/\/encuentroinformativo.com.mx\/index.php?rest_route=%2Fwp%2Fv2%2Fcategories&post=53046"},{"taxonomy":"post_tag","embeddable":true,"href":"https:\/\/encuentroinformativo.com.mx\/index.php?rest_route=%2Fwp%2Fv2%2Ftags&post=53046"}],"curies":[{"name":"wp","href":"https:\/\/api.w.org\/{rel}","templated":true}]}}