{"id":53049,"date":"2024-04-09T15:52:45","date_gmt":"2024-04-09T21:52:45","guid":{"rendered":"https:\/\/encuentroinformativo.com.mx\/?p=53049"},"modified":"2024-04-09T15:52:51","modified_gmt":"2024-04-09T21:52:51","slug":"baja-30-por-ciento-produccion-del-campo-veracruzano-por-falta-de-apoyos","status":"publish","type":"post","link":"https:\/\/encuentroinformativo.com.mx\/?p=53049","title":{"rendered":"Baja 30 por ciento producci\u00f3n del campo veracruzano por falta de apoyos"},"content":{"rendered":"\n<p><strong>Alejandro \u00c1vila<\/strong><\/p>\n\n\n\n<p>Veracruz, Ver.- Aproximadamente un 30 por ciento bajaron los cultivos del campo veracruzano debido a la falta de apoyos que hubo durante este sexenio, lament\u00f3 el presidente de la Organizaci\u00f3n Nacional Campesina y Popular, Marcelino Mart\u00edn Gracia P\u00e9rez.<\/p>\n\n\n\n<p>El l\u00edder campesino dijo que lo peor es que no se vislumbra mejor\u00eda y la expectativa es baja, sobre todo en lo que se refiere a granos de frijol, arroz y ma\u00edz.<\/p>\n\n\n\n<p>\u201cEstamos olvidados, estamos olvidados como productores primarios estamos bastantes sentidos porque nunca hab\u00edamos estado en tal situaci\u00f3n de abandono, de vulnerabilidad ante un gobierno que no ve, que no oye, que no siente a los campesinos y a los productores agropecuarios de M\u00e9xico\u201d.<\/p>\n\n\n\n<p>Denunci\u00f3 que los productores no tienen apalancamiento y se encuentran en total abandono.<\/p>\n\n\n\n<p>\u201cSe ha dejado de sembrar casi todo, con el olvido en materia econ\u00f3mica y de apoyo, con la desaparici\u00f3n de los proyectos productivos y con la desaparici\u00f3n de la financiera rural, no existe apalancamiento y los productores lecheros no tienen c\u00f3mo apuntalarse para transformar su leche a polvo o para darle un mejor canal o transformaci\u00f3n\u201d.<\/p>\n\n\n\n<p>Debido a este olvido, los productores tienen que rematar sus cabezas de ganado porque ya no es posible sostenerse.<\/p>\n","protected":false},"excerpt":{"rendered":"<p>Alejandro \u00c1vila Veracruz, Ver.- Aproximadamente un 30 por ciento bajaron los cultivos del campo veracruzano debido a la falta de apoyos que hubo durante este sexenio, lament\u00f3 el presidente de la Organizaci\u00f3n Nacional Campesina y Popular, Marcelino Mart\u00edn Gracia P\u00e9rez. El l\u00edder campesino dijo que lo peor es que no se vislumbra mejor\u00eda y la [&hellip;]<\/p>\n","protected":false},"author":2476,"featured_media":53050,"comment_status":"open","ping_status":"open","sticky":false,"template":"","format":"standard","meta":{"_jetpack_memberships_contains_paid_content":false,"footnotes":""},"categories":[2],"tags":[],"class_list":["post-53049","post","type-post","status-publish","format-standard","has-post-thumbnail","hentry","category-estado"],"jetpack_featured_media_url":"https:\/\/encuentroinformativo.com.mx\/wp-content\/uploads\/2024\/04\/IMG-20240409-WA0119.jpg","jetpack_sharing_enabled":true,"jetpack_likes_enabled":true,"amp_enabled":true,"_links":{"self":[{"href":"https:\/\/encuentroinformativo.com.mx\/index.php?rest_route=\/wp\/v2\/posts\/53049","targetHints":{"allow":["GET"]}}],"collection":[{"href":"https:\/\/encuentroinformativo.com.mx\/index.php?rest_route=\/wp\/v2\/posts"}],"about":[{"href":"https:\/\/encuentroinformativo.com.mx\/index.php?rest_route=\/wp\/v2\/types\/post"}],"author":[{"embeddable":true,"href":"https:\/\/encuentroinformativo.com.mx\/index.php?rest_route=\/wp\/v2\/users\/2476"}],"replies":[{"embeddable":true,"href":"https:\/\/encuentroinformativo.com.mx\/index.php?rest_route=%2Fwp%2Fv2%2Fcomments&post=53049"}],"version-history":[{"count":1,"href":"https:\/\/encuentroinformativo.com.mx\/index.php?rest_route=\/wp\/v2\/posts\/53049\/revisions"}],"predecessor-version":[{"id":53051,"href":"https:\/\/encuentroinformativo.com.mx\/index.php?rest_route=\/wp\/v2\/posts\/53049\/revisions\/53051"}],"wp:featuredmedia":[{"embeddable":true,"href":"https:\/\/encuentroinformativo.com.mx\/index.php?rest_route=\/wp\/v2\/media\/53050"}],"wp:attachment":[{"href":"https:\/\/encuentroinformativo.com.mx\/index.php?rest_route=%2Fwp%2Fv2%2Fmedia&parent=53049"}],"wp:term":[{"taxonomy":"category","embeddable":true,"href":"https:\/\/encuentroinformativo.com.mx\/index.php?rest_route=%2Fwp%2Fv2%2Fcategories&post=53049"},{"taxonomy":"post_tag","embeddable":true,"href":"https:\/\/encuentroinformativo.com.mx\/index.php?rest_route=%2Fwp%2Fv2%2Ftags&post=53049"}],"curies":[{"name":"wp","href":"https:\/\/api.w.org\/{rel}","templated":true}]}}