{"id":53052,"date":"2024-04-09T11:55:02","date_gmt":"2024-04-09T17:55:02","guid":{"rendered":"https:\/\/encuentroinformativo.com.mx\/?p=53052"},"modified":"2024-04-09T15:56:20","modified_gmt":"2024-04-09T21:56:20","slug":"doble-lanzamiento-musical-de-junior-klan","status":"publish","type":"post","link":"https:\/\/encuentroinformativo.com.mx\/?p=53052","title":{"rendered":"Doble lanzamiento musical de Junior Klan"},"content":{"rendered":"\n<p><strong>Alejandro \u00c1vila<\/strong><\/p>\n\n\n\n<p>Veracruz, Ver.- El pr\u00f3ximo 12 de abril la agrupaci\u00f3n veracruzana, Junior Klan, realizar\u00e1 un doble lanzamiento musical, el cual se adapt\u00f3 a diferentes zonas del pa\u00eds; adem\u00e1s de Estados Unidos y Centroam\u00e9rica, donde tambi\u00e9n tiene un importante n\u00famero de seguidores.<\/p>\n\n\n\n<p>&#8220;Que Siga la Fiesta&#8221;: Bajo la vibrante voz de Diego Fern\u00e1ndez, este primer sencillo es mucho m\u00e1s que una canci\u00f3n, \u00a1es una invitaci\u00f3n a vivir intensamente cada momento de la vida! Con un ritmo envolvente que captura la esencia de la fiesta, esta melod\u00eda contagiosa transportar\u00e1 a los oyentes a un universo de diversi\u00f3n y camarader\u00eda.<\/p>\n\n\n\n<p>&#8220;Traicionera&#8221;: Este segundo tema, obra maestra del talentoso compositor Coquillo Rivera, marca un momento crucial para la agrupaci\u00f3n. Es una explosi\u00f3n de ritmo y emoci\u00f3n que invita a bailar sin parar. Con el inconfundible estilo de Junior Klan fusionado con la cadencia irresistible del sonidero, este tema redefine el panorama musical.<\/p>\n\n\n\n<p>Este doble lanzamiento no solo representa un hito en la historia musical, sino que tambi\u00e9n desaf\u00eda los l\u00edmites del g\u00e9nero. Nadie antes se ha aventurado a lanzar dos temas acompa\u00f1ado de sus videos, en un solo evento. Junior Klan est\u00e1 decidido a marcar tendencia y dejar su huella en la industria musical con esta audaz apuesta.<\/p>\n","protected":false},"excerpt":{"rendered":"<p>Alejandro \u00c1vila Veracruz, Ver.- El pr\u00f3ximo 12 de abril la agrupaci\u00f3n veracruzana, Junior Klan, realizar\u00e1 un doble lanzamiento musical, el cual se adapt\u00f3 a diferentes zonas del pa\u00eds; adem\u00e1s de Estados Unidos y Centroam\u00e9rica, donde tambi\u00e9n tiene un importante n\u00famero de seguidores. &#8220;Que Siga la Fiesta&#8221;: Bajo la vibrante voz de Diego Fern\u00e1ndez, este primer [&hellip;]<\/p>\n","protected":false},"author":2476,"featured_media":53053,"comment_status":"open","ping_status":"open","sticky":false,"template":"","format":"standard","meta":{"_jetpack_memberships_contains_paid_content":false,"footnotes":""},"categories":[2],"tags":[],"class_list":["post-53052","post","type-post","status-publish","format-standard","has-post-thumbnail","hentry","category-estado"],"jetpack_featured_media_url":"https:\/\/encuentroinformativo.com.mx\/wp-content\/uploads\/2024\/04\/IMG-20240409-WA0120.jpg","jetpack_sharing_enabled":true,"jetpack_likes_enabled":true,"amp_enabled":true,"_links":{"self":[{"href":"https:\/\/encuentroinformativo.com.mx\/index.php?rest_route=\/wp\/v2\/posts\/53052","targetHints":{"allow":["GET"]}}],"collection":[{"href":"https:\/\/encuentroinformativo.com.mx\/index.php?rest_route=\/wp\/v2\/posts"}],"about":[{"href":"https:\/\/encuentroinformativo.com.mx\/index.php?rest_route=\/wp\/v2\/types\/post"}],"author":[{"embeddable":true,"href":"https:\/\/encuentroinformativo.com.mx\/index.php?rest_route=\/wp\/v2\/users\/2476"}],"replies":[{"embeddable":true,"href":"https:\/\/encuentroinformativo.com.mx\/index.php?rest_route=%2Fwp%2Fv2%2Fcomments&post=53052"}],"version-history":[{"count":1,"href":"https:\/\/encuentroinformativo.com.mx\/index.php?rest_route=\/wp\/v2\/posts\/53052\/revisions"}],"predecessor-version":[{"id":53054,"href":"https:\/\/encuentroinformativo.com.mx\/index.php?rest_route=\/wp\/v2\/posts\/53052\/revisions\/53054"}],"wp:featuredmedia":[{"embeddable":true,"href":"https:\/\/encuentroinformativo.com.mx\/index.php?rest_route=\/wp\/v2\/media\/53053"}],"wp:attachment":[{"href":"https:\/\/encuentroinformativo.com.mx\/index.php?rest_route=%2Fwp%2Fv2%2Fmedia&parent=53052"}],"wp:term":[{"taxonomy":"category","embeddable":true,"href":"https:\/\/encuentroinformativo.com.mx\/index.php?rest_route=%2Fwp%2Fv2%2Fcategories&post=53052"},{"taxonomy":"post_tag","embeddable":true,"href":"https:\/\/encuentroinformativo.com.mx\/index.php?rest_route=%2Fwp%2Fv2%2Ftags&post=53052"}],"curies":[{"name":"wp","href":"https:\/\/api.w.org\/{rel}","templated":true}]}}