{"id":53061,"date":"2024-04-09T22:20:17","date_gmt":"2024-04-10T04:20:17","guid":{"rendered":"https:\/\/encuentroinformativo.com.mx\/?p=53061"},"modified":"2024-04-09T22:20:22","modified_gmt":"2024-04-10T04:20:22","slug":"anuncian-cartelera-artistica-para-expo-ganadera-ylang-ylang-2024","status":"publish","type":"post","link":"https:\/\/encuentroinformativo.com.mx\/?p=53061","title":{"rendered":"Anuncian cartelera art\u00edstica para Expo Ganadera Ylang Ylang 2024"},"content":{"rendered":"\n<p><strong>Alejandro \u00c1vila<\/strong><\/p>\n\n\n\n<p>Boca del R\u00edo, Ver.- El Recodo, Junior Klan y Conjunto Primavera, encabezan la lista de artistas que se presentar\u00e1n en el Teatro del Pueblo de la Expo Ganadera Ylang Ylang 2024, misma que se desarrollar\u00e1 en el municipio de Boca del R\u00edo del 10 al 26 de mayo.<\/p>\n\n\n\n<p>Este martes por la tarde fue presentada la cartelera art\u00edstica en conocido hotel boque\u00f1o; en esta edici\u00f3n tendr\u00e1 un costo de 120 pesos el acceso a las instalaciones para poder disfrutar de todas las actividades que se realizan a\u00f1o con a\u00f1o en la feria.<\/p>\n\n\n\n<p>La Cartelera qued\u00f3 de la siguiente manera: Los Caracoles el 10 de mayo; Tito Doble P el 11 de mayo; Samuel Castelli el 12 de mayo; Mario Polo el 13 de mayo; Pipirin el 14 de mayo; El Malilla el 15 mayo; Super Lamas el 16 de mayo; El Recodo el 17 de mayo; Ra\u00fal Ornelas el 20 de mayo; Ana Barbara el 21 de mayo; Nelson Kanzela el 22 de mayo; Jorge Medina el 23 de mayo; Junior Klan el 24 de mayo; Alex Favela y Los Esquivel el 25 de mayo; y finalmente, Conjunto Primavera el 26 de mayo.<\/p>\n\n\n\n<p>&#8220;En cuesti\u00f3n de seguridad, vamos a contar con seguridad de todos los medios y seguridad privada (\u2026) de ganaderos, m\u00e1s o menos hay 700 lugares, que son 39 expositores (\u2026) la primera etapa viene desde toda la Rep\u00fablica, vienen desde Chihuahua, del norte, Sinaloa, Sonora, del sur, Yucat\u00e1n, de la zona centro, tambi\u00e9n del Estado de Veracruz&#8221;, expres\u00f3 Ren\u00e9 Loyo Garc\u00eda, secretario de la Uni\u00f3n Ganadera de la zona centro.<\/p>\n","protected":false},"excerpt":{"rendered":"<p>Alejandro \u00c1vila Boca del R\u00edo, Ver.- El Recodo, Junior Klan y Conjunto Primavera, encabezan la lista de artistas que se presentar\u00e1n en el Teatro del Pueblo de la Expo Ganadera Ylang Ylang 2024, misma que se desarrollar\u00e1 en el municipio de Boca del R\u00edo del 10 al 26 de mayo. Este martes por la tarde [&hellip;]<\/p>\n","protected":false},"author":2476,"featured_media":53062,"comment_status":"open","ping_status":"open","sticky":false,"template":"","format":"standard","meta":{"_jetpack_memberships_contains_paid_content":false,"footnotes":""},"categories":[2],"tags":[],"class_list":["post-53061","post","type-post","status-publish","format-standard","has-post-thumbnail","hentry","category-estado"],"jetpack_featured_media_url":"https:\/\/encuentroinformativo.com.mx\/wp-content\/uploads\/2024\/04\/IMG-20240409-WA02002.jpg","jetpack_sharing_enabled":true,"jetpack_likes_enabled":true,"amp_enabled":true,"_links":{"self":[{"href":"https:\/\/encuentroinformativo.com.mx\/index.php?rest_route=\/wp\/v2\/posts\/53061","targetHints":{"allow":["GET"]}}],"collection":[{"href":"https:\/\/encuentroinformativo.com.mx\/index.php?rest_route=\/wp\/v2\/posts"}],"about":[{"href":"https:\/\/encuentroinformativo.com.mx\/index.php?rest_route=\/wp\/v2\/types\/post"}],"author":[{"embeddable":true,"href":"https:\/\/encuentroinformativo.com.mx\/index.php?rest_route=\/wp\/v2\/users\/2476"}],"replies":[{"embeddable":true,"href":"https:\/\/encuentroinformativo.com.mx\/index.php?rest_route=%2Fwp%2Fv2%2Fcomments&post=53061"}],"version-history":[{"count":1,"href":"https:\/\/encuentroinformativo.com.mx\/index.php?rest_route=\/wp\/v2\/posts\/53061\/revisions"}],"predecessor-version":[{"id":53063,"href":"https:\/\/encuentroinformativo.com.mx\/index.php?rest_route=\/wp\/v2\/posts\/53061\/revisions\/53063"}],"wp:featuredmedia":[{"embeddable":true,"href":"https:\/\/encuentroinformativo.com.mx\/index.php?rest_route=\/wp\/v2\/media\/53062"}],"wp:attachment":[{"href":"https:\/\/encuentroinformativo.com.mx\/index.php?rest_route=%2Fwp%2Fv2%2Fmedia&parent=53061"}],"wp:term":[{"taxonomy":"category","embeddable":true,"href":"https:\/\/encuentroinformativo.com.mx\/index.php?rest_route=%2Fwp%2Fv2%2Fcategories&post=53061"},{"taxonomy":"post_tag","embeddable":true,"href":"https:\/\/encuentroinformativo.com.mx\/index.php?rest_route=%2Fwp%2Fv2%2Ftags&post=53061"}],"curies":[{"name":"wp","href":"https:\/\/api.w.org\/{rel}","templated":true}]}}