{"id":53072,"date":"2024-04-10T10:23:20","date_gmt":"2024-04-10T16:23:20","guid":{"rendered":"https:\/\/encuentroinformativo.com.mx\/?p=53072"},"modified":"2024-04-10T10:23:25","modified_gmt":"2024-04-10T16:23:25","slug":"toman-sindicatos-oficinas-de-la-sev","status":"publish","type":"post","link":"https:\/\/encuentroinformativo.com.mx\/?p=53072","title":{"rendered":"Toman sindicatos oficinas de la SEV"},"content":{"rendered":"\n<p><strong>Dar\u00edo Pale <\/strong><\/p>\n\n\n\n<p>Xalapa, Ver.- Diferentes Sindicatos Magisteriales tomaron las instalaciones de la Secretar\u00eda de Educaci\u00f3n de Veracruz (SEV), esto ante la falta de capacidad de los funcionarios del gobierno de Cuitl\u00e1huac Garc\u00eda Jim\u00e9nez para resolver las demandas del sector magisterial.<\/p>\n\n\n\n<p>En entrevista el secretario general de la organizaci\u00f3n sindical, Ram\u00f3n Dom\u00ednguez Polo, expuso que est\u00e1n cansados de que las autoridades les tomen el pelo.\u00a0<\/p>\n\n\n\n<p>Por lo que este mi\u00e9rcoles integrantes del Sindicato Magisterial Veracruzano tomaron las oficinas centrales, SEV, en exigencia de diversas demandas que vienen haciendo desde hace varios meses.\u00a0<\/p>\n\n\n\n<p>Asimismo, tomaron la Direcci\u00f3n General de Bachillerato, la Direcci\u00f3n General de Telebachillerato y las oficinas de Recursos Humanos que se encuentra en la Torre Orgullo Veracruzano.\u00a0<\/p>\n\n\n\n<p>Y es que en dicho edificio tambi\u00e9n est\u00e1 la Direcci\u00f3n General de Primarias Estatales, as\u00ed como la de Recursos Humanos, en ese sentido, el Sindicato aclar\u00f3 que el personal de la Secretar\u00eda de Protecci\u00f3n Civil s\u00ed puede pasar a cumplir con sus labores.<\/p>\n\n\n\n<p>Y es que por ejemplo hay muchas \u00f3rdenes de presentaci\u00f3n que siguen pendientes por parte de la dependencia.\u00a0<\/p>\n\n\n\n<p>Explic\u00f3 que al no generarse las \u00f3rdenes de presentaci\u00f3n no se puede tener acceso al seguro Social, no se pueden presentar en sus centros de trabajo, ni pueden cobrar sus quincenas.\u00a0<\/p>\n\n\n\n<p>Puntualiz\u00f3 que no solamente son ellos como organizaci\u00f3n magisterial, sino que hay otras que tambi\u00e9n est\u00e1n cansadas de que las autoridades las ignoren.\u00a0<\/p>\n\n\n\n<p>Reconoci\u00f3 que ha habido acercamientos con representantes de las autoridades de la Secretar\u00eda, sin embargo, estos les dicen que regresen la siguiente semana y luego la siguiente semana.\u00a0<\/p>\n\n\n\n<p>El l\u00edder magisterial lament\u00f3 que los funcionarios piensen que son sindicatos de segunda o de tercera, por eso los ignoran.<\/p>\n\n\n\n<p>&#8220;Hay una situaci\u00f3n de falta de respeto de si quiero te apoyo, si quiero te escucho, si quiero te veo. Les voy a poner un caso exacto en la Direcci\u00f3n General de Bachilleratos desde marzo renunci\u00f3 la directora general, al estar ac\u00e9fala, no procede ning\u00fan tr\u00e1mite porque falta la firma&#8221;, se\u00f1al\u00f3.<\/p>\n\n\n\n<p>&#8220;Y al no haber firma del titular los tr\u00e1mites no proceden y no proceden los pagos, no procede nada. Nosotros no podemos estar a expensas de que nombren a un fulano de tal en tal fecha&#8221;, agreg\u00f3.<\/p>\n\n\n\n<p>En ese sentido Polo Dom\u00ednguez subray\u00f3 que la gente sale a trabajar porque necesita cobrar una quincena, porque ellos y sus familias viven de ese sustento, por eso es una falta de respeto.\u00a0<br>Por lo que calific\u00f3 a la actual administraci\u00f3n de ser &#8220;inconsciente&#8221;, de ser un gobierno que no atiende a sus trabajadores.<\/p>\n\n\n\n<p>Por ello, consider\u00f3 que la \u00fanica forma de que la sociedad, de que los trabajadores se den cuenta de lo que est\u00e1 pasando, de la falta de sensibilidad y de atenci\u00f3n del gobierno de Cuitl\u00e1huac Garc\u00eda, es manifest\u00e1ndose.\u00a0<\/p>\n\n\n\n<p>Finalmente se\u00f1al\u00f3 que, &#8220;porque ya no tenemos otra salida, porque esa es la realidad. Lo mismo pasa en Telebachilleratos, lo mismo pasa en Corregidora, venimos aqu\u00ed te atienden, pero nadie resuelve. No tienen la capacidad de resolver, no hay soluci\u00f3n&#8221;.<\/p>\n\n\n\n<figure class=\"wp-block-image size-large\"><img loading=\"lazy\" decoding=\"async\" width=\"1024\" height=\"576\" src=\"https:\/\/encuentroinformativo.com.mx\/wp-content\/uploads\/2024\/04\/IMG-20240410-WA0020-1024x576.jpg\" alt=\"\" class=\"wp-image-53074\" srcset=\"https:\/\/encuentroinformativo.com.mx\/wp-content\/uploads\/2024\/04\/IMG-20240410-WA0020-1024x576.jpg 1024w, https:\/\/encuentroinformativo.com.mx\/wp-content\/uploads\/2024\/04\/IMG-20240410-WA0020-300x169.jpg 300w, https:\/\/encuentroinformativo.com.mx\/wp-content\/uploads\/2024\/04\/IMG-20240410-WA0020-768x432.jpg 768w, https:\/\/encuentroinformativo.com.mx\/wp-content\/uploads\/2024\/04\/IMG-20240410-WA0020-1536x864.jpg 1536w, https:\/\/encuentroinformativo.com.mx\/wp-content\/uploads\/2024\/04\/IMG-20240410-WA0020.jpg 1599w\" sizes=\"auto, (max-width: 1024px) 100vw, 1024px\" \/><\/figure>\n","protected":false},"excerpt":{"rendered":"<p>Dar\u00edo Pale Xalapa, Ver.- Diferentes Sindicatos Magisteriales tomaron las instalaciones de la Secretar\u00eda de Educaci\u00f3n de Veracruz (SEV), esto ante la falta de capacidad de los funcionarios del gobierno de Cuitl\u00e1huac Garc\u00eda Jim\u00e9nez para resolver las demandas del sector magisterial. En entrevista el secretario general de la organizaci\u00f3n sindical, Ram\u00f3n Dom\u00ednguez Polo, expuso que est\u00e1n [&hellip;]<\/p>\n","protected":false},"author":2476,"featured_media":53073,"comment_status":"open","ping_status":"open","sticky":false,"template":"","format":"standard","meta":{"_jetpack_memberships_contains_paid_content":false,"footnotes":""},"categories":[3],"tags":[],"class_list":["post-53072","post","type-post","status-publish","format-standard","has-post-thumbnail","hentry","category-xalapa"],"jetpack_featured_media_url":"https:\/\/encuentroinformativo.com.mx\/wp-content\/uploads\/2024\/04\/IMG-20240410-WA0022.jpg","jetpack_sharing_enabled":true,"jetpack_likes_enabled":true,"amp_enabled":true,"_links":{"self":[{"href":"https:\/\/encuentroinformativo.com.mx\/index.php?rest_route=\/wp\/v2\/posts\/53072","targetHints":{"allow":["GET"]}}],"collection":[{"href":"https:\/\/encuentroinformativo.com.mx\/index.php?rest_route=\/wp\/v2\/posts"}],"about":[{"href":"https:\/\/encuentroinformativo.com.mx\/index.php?rest_route=\/wp\/v2\/types\/post"}],"author":[{"embeddable":true,"href":"https:\/\/encuentroinformativo.com.mx\/index.php?rest_route=\/wp\/v2\/users\/2476"}],"replies":[{"embeddable":true,"href":"https:\/\/encuentroinformativo.com.mx\/index.php?rest_route=%2Fwp%2Fv2%2Fcomments&post=53072"}],"version-history":[{"count":1,"href":"https:\/\/encuentroinformativo.com.mx\/index.php?rest_route=\/wp\/v2\/posts\/53072\/revisions"}],"predecessor-version":[{"id":53075,"href":"https:\/\/encuentroinformativo.com.mx\/index.php?rest_route=\/wp\/v2\/posts\/53072\/revisions\/53075"}],"wp:featuredmedia":[{"embeddable":true,"href":"https:\/\/encuentroinformativo.com.mx\/index.php?rest_route=\/wp\/v2\/media\/53073"}],"wp:attachment":[{"href":"https:\/\/encuentroinformativo.com.mx\/index.php?rest_route=%2Fwp%2Fv2%2Fmedia&parent=53072"}],"wp:term":[{"taxonomy":"category","embeddable":true,"href":"https:\/\/encuentroinformativo.com.mx\/index.php?rest_route=%2Fwp%2Fv2%2Fcategories&post=53072"},{"taxonomy":"post_tag","embeddable":true,"href":"https:\/\/encuentroinformativo.com.mx\/index.php?rest_route=%2Fwp%2Fv2%2Ftags&post=53072"}],"curies":[{"name":"wp","href":"https:\/\/api.w.org\/{rel}","templated":true}]}}