{"id":53076,"date":"2024-04-10T10:28:14","date_gmt":"2024-04-10T16:28:14","guid":{"rendered":"https:\/\/encuentroinformativo.com.mx\/?p=53076"},"modified":"2024-04-10T10:28:18","modified_gmt":"2024-04-10T16:28:18","slug":"rescatan-pescadores-a-padre-e-hijo-desaparecidos-en-el-mar","status":"publish","type":"post","link":"https:\/\/encuentroinformativo.com.mx\/?p=53076","title":{"rendered":"Rescatan pescadores a padre e hijo desaparecidos en el mar"},"content":{"rendered":"\n<p><strong>Dar\u00edo Pale <\/strong><\/p>\n\n\n\n<p>Xalapa, Ver.- Padre e hijo fueron localizados despu\u00e9s de que los reportaran como desaparecidos la tarde del martes y fueron localizados en la madrugada de este d\u00eda entre Alvarado y Boca del R\u00edo.<\/p>\n\n\n\n<p>Los hechos se registraron la tarde de ayer cuando un padre de familia y su hijo menor de edad estaban disfrutando un paseo en una lancha artesanal en Ant\u00f3n Lizardo, pero debido a una leve surada fueron arrastrados a mar abierto impidi\u00e9ndoles regresar.<\/p>\n\n\n\n<p>Una llamada de auxilio alert\u00f3 a la Agente municipal de Ant\u00f3n Lizardo Lizeth Cardenas Sanjuan junto a grupo de pescadores de la zona se adentraron al mar para realizar la b\u00fasqueda del se\u00f1or Daniel y su hijo quienes se encontraban perdidos, poco despu\u00e9s se sum\u00f3 el grupo de rescate de marina.<\/p>\n\n\n\n<p>Afortunadamente fueron localizados en medio del mar entre Alvarado y Boca del R\u00edo, quienes debido a la surada que se present\u00f3, no pudieron regresar por sus propios medios a la orilla de la playa en su embarcaci\u00f3n artesanal.<\/p>\n\n\n\n<p>Por \u00faltimo cabe se\u00f1alar que a pesar del peligro de la noche lograron ser rescatados las dos personas, gracias a los pescadores y el cuerpo de marina lograron la localizaci\u00f3n sin ning\u00fan incidente.<\/p>\n","protected":false},"excerpt":{"rendered":"<p>Dar\u00edo Pale Xalapa, Ver.- Padre e hijo fueron localizados despu\u00e9s de que los reportaran como desaparecidos la tarde del martes y fueron localizados en la madrugada de este d\u00eda entre Alvarado y Boca del R\u00edo. Los hechos se registraron la tarde de ayer cuando un padre de familia y su hijo menor de edad estaban [&hellip;]<\/p>\n","protected":false},"author":2476,"featured_media":53077,"comment_status":"open","ping_status":"open","sticky":false,"template":"","format":"standard","meta":{"_jetpack_memberships_contains_paid_content":false,"footnotes":""},"categories":[2],"tags":[],"class_list":["post-53076","post","type-post","status-publish","format-standard","has-post-thumbnail","hentry","category-estado"],"jetpack_featured_media_url":"https:\/\/encuentroinformativo.com.mx\/wp-content\/uploads\/2024\/04\/IMG-20240410-WA0032.jpg","jetpack_sharing_enabled":true,"jetpack_likes_enabled":true,"amp_enabled":true,"_links":{"self":[{"href":"https:\/\/encuentroinformativo.com.mx\/index.php?rest_route=\/wp\/v2\/posts\/53076","targetHints":{"allow":["GET"]}}],"collection":[{"href":"https:\/\/encuentroinformativo.com.mx\/index.php?rest_route=\/wp\/v2\/posts"}],"about":[{"href":"https:\/\/encuentroinformativo.com.mx\/index.php?rest_route=\/wp\/v2\/types\/post"}],"author":[{"embeddable":true,"href":"https:\/\/encuentroinformativo.com.mx\/index.php?rest_route=\/wp\/v2\/users\/2476"}],"replies":[{"embeddable":true,"href":"https:\/\/encuentroinformativo.com.mx\/index.php?rest_route=%2Fwp%2Fv2%2Fcomments&post=53076"}],"version-history":[{"count":1,"href":"https:\/\/encuentroinformativo.com.mx\/index.php?rest_route=\/wp\/v2\/posts\/53076\/revisions"}],"predecessor-version":[{"id":53078,"href":"https:\/\/encuentroinformativo.com.mx\/index.php?rest_route=\/wp\/v2\/posts\/53076\/revisions\/53078"}],"wp:featuredmedia":[{"embeddable":true,"href":"https:\/\/encuentroinformativo.com.mx\/index.php?rest_route=\/wp\/v2\/media\/53077"}],"wp:attachment":[{"href":"https:\/\/encuentroinformativo.com.mx\/index.php?rest_route=%2Fwp%2Fv2%2Fmedia&parent=53076"}],"wp:term":[{"taxonomy":"category","embeddable":true,"href":"https:\/\/encuentroinformativo.com.mx\/index.php?rest_route=%2Fwp%2Fv2%2Fcategories&post=53076"},{"taxonomy":"post_tag","embeddable":true,"href":"https:\/\/encuentroinformativo.com.mx\/index.php?rest_route=%2Fwp%2Fv2%2Ftags&post=53076"}],"curies":[{"name":"wp","href":"https:\/\/api.w.org\/{rel}","templated":true}]}}