{"id":53084,"date":"2024-04-10T12:56:05","date_gmt":"2024-04-10T18:56:05","guid":{"rendered":"https:\/\/encuentroinformativo.com.mx\/?p=53084"},"modified":"2024-04-10T12:56:11","modified_gmt":"2024-04-10T18:56:11","slug":"aumenta-precio-del-cafe-productores-acusan-falta-de-apoyos-gubernamentales","status":"publish","type":"post","link":"https:\/\/encuentroinformativo.com.mx\/?p=53084","title":{"rendered":"Aumenta precio del caf\u00e9 productores acusan falta de apoyos gubernamentales"},"content":{"rendered":"\n<p><strong>Alejandro \u00c1vila<\/strong><\/p>\n\n\n\n<p>Veracruz, Ver.- El costo del caf\u00e9 va a la alza; sin embargo los productores acusan la falta de planta y fertilizantes debido a los nulos apoyos gubernamentales durante este sexenio.<\/p>\n\n\n\n<p>Nicol\u00e1s Cort\u00e9s, l\u00edder de la Asociaci\u00f3n Nacional de Productores de Caf\u00e9, mencion\u00f3 que el valor de la bolsa de caf\u00e9 aument\u00f3 de 183 a 215 d\u00f3lares y se estima que contin\u00fae subiendo el arom\u00e1tico; el problema que presentan es la falta de planta y fertilizantes.<\/p>\n\n\n\n<p>Tan solo Veracruz concentra 72 mil productores de caf\u00e9 en la entidad; se estima que a nivel nacional se producen 2 millones de quintales de caf\u00e9.<\/p>\n\n\n\n<p>&#8220;Est\u00e1 subiendo, est\u00e1bamos en una etapa donde no era redituable para nosotros el precio del caf\u00e9, dado a que solamente sacamos 2 pesos libres de todos los costos por kilo de cereza, y no era redituable para nosotros ahorita va en aumento y ya podemos librar hasta 4 o 5 pesos por kilo, alguien que tenga una hect\u00e1rea que saque 2 toneladas pues ya vamos hacia arriba. No es ahorita algo como para festejar, pero al menos s\u00ed va hacia arriba&#8221;, expres\u00f3.<\/p>\n\n\n\n<p>Nicol\u00e1s Cort\u00e9s mencion\u00f3 que el precio ideal ser\u00eda, entre 14 o 15 pesos el kilo de caf\u00e9 cereza, lo que significa aproximadamente unos 300 d\u00f3lares el quintal; pues tan solo sus costos de corte y acarreo son los siguientes, 3 pesos de corte, 1 de acarreo y 50 centavos de gasto.<\/p>\n\n\n\n<p>&#8220;Si tuvi\u00e9ramos un precio de garant\u00eda que es lo que estamos peleando, de unos 12 o 13, entonces ya todos nuestros productores de caf\u00e9 fu\u00e9ramos a la segura en la producci\u00f3n de caf\u00e9. Aqu\u00ed los que ganan no son los productores son los que exportan, los exportadores, esos son los que se llevan la tajada grande&#8221;, remat\u00f3.<\/p>\n","protected":false},"excerpt":{"rendered":"<p>Alejandro \u00c1vila Veracruz, Ver.- El costo del caf\u00e9 va a la alza; sin embargo los productores acusan la falta de planta y fertilizantes debido a los nulos apoyos gubernamentales durante este sexenio. Nicol\u00e1s Cort\u00e9s, l\u00edder de la Asociaci\u00f3n Nacional de Productores de Caf\u00e9, mencion\u00f3 que el valor de la bolsa de caf\u00e9 aument\u00f3 de 183 [&hellip;]<\/p>\n","protected":false},"author":2476,"featured_media":53083,"comment_status":"open","ping_status":"open","sticky":false,"template":"","format":"standard","meta":{"_jetpack_memberships_contains_paid_content":false,"footnotes":""},"categories":[2],"tags":[],"class_list":["post-53084","post","type-post","status-publish","format-standard","has-post-thumbnail","hentry","category-estado"],"jetpack_featured_media_url":"https:\/\/encuentroinformativo.com.mx\/wp-content\/uploads\/2024\/04\/IMG-20240410-WA0065.jpg","jetpack_sharing_enabled":true,"jetpack_likes_enabled":true,"amp_enabled":true,"_links":{"self":[{"href":"https:\/\/encuentroinformativo.com.mx\/index.php?rest_route=\/wp\/v2\/posts\/53084","targetHints":{"allow":["GET"]}}],"collection":[{"href":"https:\/\/encuentroinformativo.com.mx\/index.php?rest_route=\/wp\/v2\/posts"}],"about":[{"href":"https:\/\/encuentroinformativo.com.mx\/index.php?rest_route=\/wp\/v2\/types\/post"}],"author":[{"embeddable":true,"href":"https:\/\/encuentroinformativo.com.mx\/index.php?rest_route=\/wp\/v2\/users\/2476"}],"replies":[{"embeddable":true,"href":"https:\/\/encuentroinformativo.com.mx\/index.php?rest_route=%2Fwp%2Fv2%2Fcomments&post=53084"}],"version-history":[{"count":1,"href":"https:\/\/encuentroinformativo.com.mx\/index.php?rest_route=\/wp\/v2\/posts\/53084\/revisions"}],"predecessor-version":[{"id":53085,"href":"https:\/\/encuentroinformativo.com.mx\/index.php?rest_route=\/wp\/v2\/posts\/53084\/revisions\/53085"}],"wp:featuredmedia":[{"embeddable":true,"href":"https:\/\/encuentroinformativo.com.mx\/index.php?rest_route=\/wp\/v2\/media\/53083"}],"wp:attachment":[{"href":"https:\/\/encuentroinformativo.com.mx\/index.php?rest_route=%2Fwp%2Fv2%2Fmedia&parent=53084"}],"wp:term":[{"taxonomy":"category","embeddable":true,"href":"https:\/\/encuentroinformativo.com.mx\/index.php?rest_route=%2Fwp%2Fv2%2Fcategories&post=53084"},{"taxonomy":"post_tag","embeddable":true,"href":"https:\/\/encuentroinformativo.com.mx\/index.php?rest_route=%2Fwp%2Fv2%2Ftags&post=53084"}],"curies":[{"name":"wp","href":"https:\/\/api.w.org\/{rel}","templated":true}]}}