{"id":53086,"date":"2024-04-10T13:04:01","date_gmt":"2024-04-10T19:04:01","guid":{"rendered":"https:\/\/encuentroinformativo.com.mx\/?p=53086"},"modified":"2024-04-10T13:04:05","modified_gmt":"2024-04-10T19:04:05","slug":"antorchistas-realizaran-movilizacion-por-homicidio-sin-aclarar-de-dirigentes-en-guerrero","status":"publish","type":"post","link":"https:\/\/encuentroinformativo.com.mx\/?p=53086","title":{"rendered":"Antorchistas realizar\u00e1n movilizaci\u00f3n por homicidio sin aclarar de dirigentes en Guerrero"},"content":{"rendered":"\n<p><strong>Dar\u00edo Pale <\/strong><\/p>\n\n\n\n<p>Xalapa, Ver.- Con la finalidad de exigir justicia por el asesinato de Conrado Hern\u00e1ndez, Mercedes Mart\u00ednez y su hijo de seis a\u00f1os Vladimir en el estado de Guerrero, los representantes del Movimiento Antorchista Nacional anunciaron una serie de acciones.<\/p>\n\n\n\n<p>En conferencia de prensa dieron a conocer que, las acciones de protesta por el crimen que acab\u00f3 con la vida de los l\u00edderes antorchistas en Chilpancingo, Guerrero, comenzar\u00e1 el viernes 12 de abril en la conferencia ma\u00f1anera del presidente Andr\u00e9s Manuel L\u00f3pez Obrador, donde solicitar\u00e1n una audiencia y el seguimiento de las investigaciones para dar con los responsables.<\/p>\n\n\n\n<p>Posteriormente, el domingo 14 de abril realizar\u00e1n una marcha y un evento pol\u00edtico-cultural en la capital guerrerense, a trav\u00e9s del cu\u00e1l tambi\u00e9n solicitar\u00e1n acciones contundentes por parte de las autoridades federales y estatales para que pongan un alto a la impunidad.<\/p>\n\n\n\n<p>Por \u00faltimo reiteraron que, a un a\u00f1o del asesinato de Conrado, Mercedes y su hijo, las autoridades no han hecho lo pertinente para encarcelar a los responsables. Ello a pesar de que fue un compromiso por parte de la titular de la Secretar\u00eda de Seguridad y Protecci\u00f3n Civil, Rosa Icela Rodr\u00edguez Vel\u00e1zquez.<\/p>\n","protected":false},"excerpt":{"rendered":"<p>Dar\u00edo Pale Xalapa, Ver.- Con la finalidad de exigir justicia por el asesinato de Conrado Hern\u00e1ndez, Mercedes Mart\u00ednez y su hijo de seis a\u00f1os Vladimir en el estado de Guerrero, los representantes del Movimiento Antorchista Nacional anunciaron una serie de acciones. En conferencia de prensa dieron a conocer que, las acciones de protesta por el [&hellip;]<\/p>\n","protected":false},"author":2476,"featured_media":53087,"comment_status":"open","ping_status":"open","sticky":false,"template":"","format":"standard","meta":{"_jetpack_memberships_contains_paid_content":false,"footnotes":""},"categories":[12],"tags":[],"class_list":["post-53086","post","type-post","status-publish","format-standard","has-post-thumbnail","hentry","category-nacional"],"jetpack_featured_media_url":"https:\/\/encuentroinformativo.com.mx\/wp-content\/uploads\/2024\/04\/IMG-20240410-WA0045.jpg","jetpack_sharing_enabled":true,"jetpack_likes_enabled":true,"amp_enabled":true,"_links":{"self":[{"href":"https:\/\/encuentroinformativo.com.mx\/index.php?rest_route=\/wp\/v2\/posts\/53086","targetHints":{"allow":["GET"]}}],"collection":[{"href":"https:\/\/encuentroinformativo.com.mx\/index.php?rest_route=\/wp\/v2\/posts"}],"about":[{"href":"https:\/\/encuentroinformativo.com.mx\/index.php?rest_route=\/wp\/v2\/types\/post"}],"author":[{"embeddable":true,"href":"https:\/\/encuentroinformativo.com.mx\/index.php?rest_route=\/wp\/v2\/users\/2476"}],"replies":[{"embeddable":true,"href":"https:\/\/encuentroinformativo.com.mx\/index.php?rest_route=%2Fwp%2Fv2%2Fcomments&post=53086"}],"version-history":[{"count":1,"href":"https:\/\/encuentroinformativo.com.mx\/index.php?rest_route=\/wp\/v2\/posts\/53086\/revisions"}],"predecessor-version":[{"id":53088,"href":"https:\/\/encuentroinformativo.com.mx\/index.php?rest_route=\/wp\/v2\/posts\/53086\/revisions\/53088"}],"wp:featuredmedia":[{"embeddable":true,"href":"https:\/\/encuentroinformativo.com.mx\/index.php?rest_route=\/wp\/v2\/media\/53087"}],"wp:attachment":[{"href":"https:\/\/encuentroinformativo.com.mx\/index.php?rest_route=%2Fwp%2Fv2%2Fmedia&parent=53086"}],"wp:term":[{"taxonomy":"category","embeddable":true,"href":"https:\/\/encuentroinformativo.com.mx\/index.php?rest_route=%2Fwp%2Fv2%2Fcategories&post=53086"},{"taxonomy":"post_tag","embeddable":true,"href":"https:\/\/encuentroinformativo.com.mx\/index.php?rest_route=%2Fwp%2Fv2%2Ftags&post=53086"}],"curies":[{"name":"wp","href":"https:\/\/api.w.org\/{rel}","templated":true}]}}