{"id":53089,"date":"2024-04-10T13:10:42","date_gmt":"2024-04-10T19:10:42","guid":{"rendered":"https:\/\/encuentroinformativo.com.mx\/?p=53089"},"modified":"2024-04-10T13:10:48","modified_gmt":"2024-04-10T19:10:48","slug":"presume-asociacion-chucho-el-roto-reclasificacion-de-cfe-en-actopan","status":"publish","type":"post","link":"https:\/\/encuentroinformativo.com.mx\/?p=53089","title":{"rendered":"Presume asociaci\u00f3n &#8220;Chucho El Roto&#8221; reclasificaci\u00f3n de CFE en Actopan"},"content":{"rendered":"\n<p><strong>Dar\u00edo Pale <\/strong><\/p>\n\n\n\n<p>Xalapa, Ver.- El vocero de la asociaci\u00f3n civil la &#8220;Leyenda de Chucho El Roto&#8221; Jorge Morales Barradas dio a conocer que a pesar de que la Asociaci\u00f3n Civil y miles de familias lograron por fin una reclasificaci\u00f3n a las tarifas el\u00e9ctricas en el municipio de Actopan.<\/p>\n\n\n\n<p>En conferencia de prensa se\u00f1al\u00f3 que a\u00fan ser\u00e1 necesario continuar con la lucha para que disminuya m\u00e1s, abund\u00f3 que se ver\u00e1n beneficiadas miles de familias con dicho ajuste de las tarifas en esa zona, aunque no precis\u00f3 la cifra pues se\u00f1al\u00f3 que el municipio cuenta con varias comunidades grandes.<\/p>\n\n\n\n<p>Explic\u00f3 que de la tarifa 1 A que pagaban hasta diciembre del a\u00f1o pasado, ahora ser\u00e1 la tarifa 1 B, sin embargo reiter\u00f3 que buscan que se implemente la tarifa 1 D y F.<\/p>\n\n\n\n<p>&#8220;Luego de casi 17 a\u00f1os de lucha en la zona hemos logrado la reclasificaci\u00f3n de tarifas el\u00e9ctricas dom\u00e9stica, agr\u00edcola y comercial, de la tarifa 1 A que ten\u00edamos hasta fin de a\u00f1o, el d\u00eda de hoy en marzo podemos ver el avance&#8221;, se\u00f1al\u00f3.<\/p>\n\n\n\n<p>&#8220;Esto no trae todo el beneficio de lo que nosotros estamos buscando, proponemos tarifa 1 D para el litoral del Golfo y en algunos municipios las temperaturas son extremosas, y en algunos se busca la tarifa 1 F\u201d, agreg\u00f3.<\/p>\n\n\n\n<p>Aclar\u00f3 que este logro es gracias a una lucha social de 17 a\u00f1os y no a alg\u00fan actor pol\u00edtico, por ello hizo un llamado a los candidatos a no \u201ccolgarse\u201d de este avance que es solo de las familias.<\/p>\n\n\n\n<p>Finalmente se\u00f1al\u00f3 que, \u201ccomo siempre, creemos que siempre hay ciudadanos advenedizos que se quieren montar en lo que muchas familias de Veracruz han venido luchando, les pedimos respeto a estos amigos que est\u00e1n buscando cualquier situaci\u00f3n para hacer alarde, pueden salir en alg\u00fan momento porque si son candidatos, esto es una lucha constante social\u201d.<\/p>\n","protected":false},"excerpt":{"rendered":"<p>Dar\u00edo Pale Xalapa, Ver.- El vocero de la asociaci\u00f3n civil la &#8220;Leyenda de Chucho El Roto&#8221; Jorge Morales Barradas dio a conocer que a pesar de que la Asociaci\u00f3n Civil y miles de familias lograron por fin una reclasificaci\u00f3n a las tarifas el\u00e9ctricas en el municipio de Actopan. En conferencia de prensa se\u00f1al\u00f3 que a\u00fan [&hellip;]<\/p>\n","protected":false},"author":2476,"featured_media":53090,"comment_status":"open","ping_status":"open","sticky":false,"template":"","format":"standard","meta":{"_jetpack_memberships_contains_paid_content":false,"footnotes":""},"categories":[8],"tags":[],"class_list":["post-53089","post","type-post","status-publish","format-standard","has-post-thumbnail","hentry","category-region"],"jetpack_featured_media_url":"https:\/\/encuentroinformativo.com.mx\/wp-content\/uploads\/2024\/04\/IMG-20240410-WA0050.jpg","jetpack_sharing_enabled":true,"jetpack_likes_enabled":true,"amp_enabled":true,"_links":{"self":[{"href":"https:\/\/encuentroinformativo.com.mx\/index.php?rest_route=\/wp\/v2\/posts\/53089","targetHints":{"allow":["GET"]}}],"collection":[{"href":"https:\/\/encuentroinformativo.com.mx\/index.php?rest_route=\/wp\/v2\/posts"}],"about":[{"href":"https:\/\/encuentroinformativo.com.mx\/index.php?rest_route=\/wp\/v2\/types\/post"}],"author":[{"embeddable":true,"href":"https:\/\/encuentroinformativo.com.mx\/index.php?rest_route=\/wp\/v2\/users\/2476"}],"replies":[{"embeddable":true,"href":"https:\/\/encuentroinformativo.com.mx\/index.php?rest_route=%2Fwp%2Fv2%2Fcomments&post=53089"}],"version-history":[{"count":1,"href":"https:\/\/encuentroinformativo.com.mx\/index.php?rest_route=\/wp\/v2\/posts\/53089\/revisions"}],"predecessor-version":[{"id":53091,"href":"https:\/\/encuentroinformativo.com.mx\/index.php?rest_route=\/wp\/v2\/posts\/53089\/revisions\/53091"}],"wp:featuredmedia":[{"embeddable":true,"href":"https:\/\/encuentroinformativo.com.mx\/index.php?rest_route=\/wp\/v2\/media\/53090"}],"wp:attachment":[{"href":"https:\/\/encuentroinformativo.com.mx\/index.php?rest_route=%2Fwp%2Fv2%2Fmedia&parent=53089"}],"wp:term":[{"taxonomy":"category","embeddable":true,"href":"https:\/\/encuentroinformativo.com.mx\/index.php?rest_route=%2Fwp%2Fv2%2Fcategories&post=53089"},{"taxonomy":"post_tag","embeddable":true,"href":"https:\/\/encuentroinformativo.com.mx\/index.php?rest_route=%2Fwp%2Fv2%2Ftags&post=53089"}],"curies":[{"name":"wp","href":"https:\/\/api.w.org\/{rel}","templated":true}]}}