{"id":53095,"date":"2024-04-10T13:28:40","date_gmt":"2024-04-10T19:28:40","guid":{"rendered":"https:\/\/encuentroinformativo.com.mx\/?p=53095"},"modified":"2024-04-10T13:28:46","modified_gmt":"2024-04-10T19:28:46","slug":"ciudadanos-estan-molestos-por-coacciones-para-participar-en-marchas","status":"publish","type":"post","link":"https:\/\/encuentroinformativo.com.mx\/?p=53095","title":{"rendered":"Ciudadanos est\u00e1n molestos por coacciones para participar en marchas"},"content":{"rendered":"\n<p><strong>Alejandro \u00c1vila<\/strong><\/p>\n\n\n\n<p>Boca del R\u00edo, Ver.- La marcha en favor de la candidata Roc\u00edo Nahle Garc\u00eda, en respaldo por presunta violencia de g\u00e9nero en su contra, dej\u00f3 en evidencia el malestar de los veracruzanos contra Morena, puntualiz\u00f3 el candidato a la gubernatura por la alianza &#8220;Fuerza y Coraz\u00f3n por Veracruz&#8221;, Jos\u00e9 Francisco Yunes Zorrilla.<\/p>\n\n\n\n<p>&#8220;Hace apenas dos meses movilizaba miles, hoy les empieza a alcanzar para movilizar a cientos&#8221;, asest\u00f3.<\/p>\n\n\n\n<p>La movilizaci\u00f3n de mujeres de la sierra y de las dependencias estatales para que acudieran obligatoriamente a la marcha en favor de Roc\u00edo Nahle este martes por la ma\u00f1ana en la ciudad de Xalapa, dej\u00f3 en claro el descontento de los empleados gubernamentales y de la sociedad civil contra el partido en el poder.<\/p>\n\n\n\n<p>&#8220;Esto lo vimos ayer pero lo hemos visto desde el primer d\u00eda, ahora esto no alcanza cu\u00e1ndo la ciudadan\u00eda ejerciendo su libertad y su derecho toma una decisi\u00f3n, y el pueblo de Veracruz es un pueblo valiente, es gente que sabe lo que quiere y lucha por lo que quiere, y en este sentido tenemos toda la tranquilidad deja el pr\u00f3ximo 2 de junio ganaremos esta elecci\u00f3n por una simple raz\u00f3n, porque tenemos el apoyo y el respaldo de las veracruzanas y los veracruzanos. No quieren las mentiras de Morena y buscan un gobierno eficiente alejado de los pretextos, que les d\u00e9 resultados, como ya lo han visto en otros tiempos y en otros momentos&#8221;, subray\u00f3.<\/p>\n\n\n\n<p>Pepe Yunes record\u00f3 que se debe de estar atento a este tipo de situaciones, pues se reafirma las denuncias que hicieron desde el primer d\u00eda de campa\u00f1a, que se podr\u00eda ejecutar una elecci\u00f3n de estado.<\/p>\n\n\n\n<p>&#8220;Desde el primer d\u00eda hemos anunciado muchas veces ante los medios de comunicaci\u00f3n, el inter\u00e9s del gobierno de robarse la elecci\u00f3n, eso es lo que significa el concepto de elecci\u00f3n de estado. Utilizaci\u00f3n de recursos de procedencia il\u00edcita, sin claro origen, posiblemente de recursos p\u00fablicos, coaccionando los servidores p\u00fablicos para asistir a eventos contra su voluntad, amenazar a beneficiarios de programas sociales con la amenaza de que pueden perder sus beneficios, todo esto configura lo que hemos visto d\u00eda a d\u00eda desde el primer momento que inici\u00f3 ese proceso electoral, la pretensi\u00f3n de robarse la elecci\u00f3n&#8221;, culmin\u00f3.<\/p>\n","protected":false},"excerpt":{"rendered":"<p>Alejandro \u00c1vila Boca del R\u00edo, Ver.- La marcha en favor de la candidata Roc\u00edo Nahle Garc\u00eda, en respaldo por presunta violencia de g\u00e9nero en su contra, dej\u00f3 en evidencia el malestar de los veracruzanos contra Morena, puntualiz\u00f3 el candidato a la gubernatura por la alianza &#8220;Fuerza y Coraz\u00f3n por Veracruz&#8221;, Jos\u00e9 Francisco Yunes Zorrilla. &#8220;Hace [&hellip;]<\/p>\n","protected":false},"author":2476,"featured_media":53096,"comment_status":"open","ping_status":"open","sticky":false,"template":"","format":"standard","meta":{"_jetpack_memberships_contains_paid_content":false,"footnotes":""},"categories":[2],"tags":[],"class_list":["post-53095","post","type-post","status-publish","format-standard","has-post-thumbnail","hentry","category-estado"],"jetpack_featured_media_url":"https:\/\/encuentroinformativo.com.mx\/wp-content\/uploads\/2024\/04\/IMG-20240410-WA0049.jpg","jetpack_sharing_enabled":true,"jetpack_likes_enabled":true,"amp_enabled":true,"_links":{"self":[{"href":"https:\/\/encuentroinformativo.com.mx\/index.php?rest_route=\/wp\/v2\/posts\/53095","targetHints":{"allow":["GET"]}}],"collection":[{"href":"https:\/\/encuentroinformativo.com.mx\/index.php?rest_route=\/wp\/v2\/posts"}],"about":[{"href":"https:\/\/encuentroinformativo.com.mx\/index.php?rest_route=\/wp\/v2\/types\/post"}],"author":[{"embeddable":true,"href":"https:\/\/encuentroinformativo.com.mx\/index.php?rest_route=\/wp\/v2\/users\/2476"}],"replies":[{"embeddable":true,"href":"https:\/\/encuentroinformativo.com.mx\/index.php?rest_route=%2Fwp%2Fv2%2Fcomments&post=53095"}],"version-history":[{"count":1,"href":"https:\/\/encuentroinformativo.com.mx\/index.php?rest_route=\/wp\/v2\/posts\/53095\/revisions"}],"predecessor-version":[{"id":53097,"href":"https:\/\/encuentroinformativo.com.mx\/index.php?rest_route=\/wp\/v2\/posts\/53095\/revisions\/53097"}],"wp:featuredmedia":[{"embeddable":true,"href":"https:\/\/encuentroinformativo.com.mx\/index.php?rest_route=\/wp\/v2\/media\/53096"}],"wp:attachment":[{"href":"https:\/\/encuentroinformativo.com.mx\/index.php?rest_route=%2Fwp%2Fv2%2Fmedia&parent=53095"}],"wp:term":[{"taxonomy":"category","embeddable":true,"href":"https:\/\/encuentroinformativo.com.mx\/index.php?rest_route=%2Fwp%2Fv2%2Fcategories&post=53095"},{"taxonomy":"post_tag","embeddable":true,"href":"https:\/\/encuentroinformativo.com.mx\/index.php?rest_route=%2Fwp%2Fv2%2Ftags&post=53095"}],"curies":[{"name":"wp","href":"https:\/\/api.w.org\/{rel}","templated":true}]}}