{"id":53098,"date":"2024-04-10T13:33:55","date_gmt":"2024-04-10T19:33:55","guid":{"rendered":"https:\/\/encuentroinformativo.com.mx\/?p=53098"},"modified":"2024-04-10T13:34:02","modified_gmt":"2024-04-10T19:34:02","slug":"se-suma-sofia-yunes-a-campana-de-pepe-yunes","status":"publish","type":"post","link":"https:\/\/encuentroinformativo.com.mx\/?p=53098","title":{"rendered":"Se suma Sof\u00eda Yunes a campa\u00f1a de Pepe Yunes"},"content":{"rendered":"\n<p><strong>Alejandro \u00c1vila<\/strong><\/p>\n\n\n\n<p>Boca del R\u00edo, Ver.- La ex militante de Movimiento Ciudadano, Sof\u00eda Yunes Gamboa, anunci\u00f3 en rueda de prensa, acompa\u00f1ada del candidato al Senado, Miguel \u00c1ngel Yunes M\u00e1rquez; y del candidato a la gubernatura de Veracruz, Jos\u00e9 Francisco Yunes Zorrilla, que se suma a la alianza opositora, debido a que ah\u00ed s\u00ed existe la congruencia de trabajar en favor de los veracruzanos.<\/p>\n\n\n\n<p>Sof\u00eda Yunes anunci\u00f3 hace unos d\u00edas su salida del partido Movimiento Ciudadano de Veracruz, debido a que consider\u00f3 existen incongruencias en su nuevo discurso, ya que ha quedado en evidencia que se convirtieron en un esquirol del partido Morena.<\/p>\n\n\n\n<p>&#8220;Creo que va m\u00e1s all\u00e1 de un partido pol\u00edtico, esta alianza representa el rescate de Veracruz, porque Veracruz es para los veracruzanos. Quiero formar un equipo con quienes han sabido gobernar Veracruz, con quienes s\u00ed son de Veracruz y con quienes s\u00ed sus intereses en la vida est\u00e1n en este hermoso estado, y por eso le agradezco a Pepe y le agradezco a Miguel que hoy me sumen a este trabajo que han venido haciendo desde hace muchos a\u00f1os, y que creo que vamos a culminar. Es un tema de compromiso social, porque quienes hemos caminado durante tanto tiempo juntos so\u00f1amos con un mejor Veracruz, no tengo duda que tanto Pepe como Miguel van a representar nuestras causas de quienes hemos cre\u00eddo que podemos tener un mejor Veracruz&#8221;, sentenci\u00f3.<\/p>\n\n\n\n<p>Tan solo en el \u00faltimo proceso electoral, participando como candidata a diputada local por el sistrito 17, Sof\u00eda Yunes Gamboa logr\u00f3 m\u00e1s de 18 mil votos, convirti\u00e9ndose as\u00ed en el mejor activo de movimiento ciudadano al lugar el mayor n\u00famero de sufragios.<\/p>\n\n\n\n<p>Las zonas de influencia de la ex integrante del &#8220;movimiento naranja&#8221; son Manlio Fabio Altamirano, Atoyac, Medell\u00edn de Bravo, Soledad de Doblado, Alvarado, Tlalixcoyan, Paso del Macho, Cotaxtla, Carrillo Puerto, entre otros municipios cercanos.<\/p>\n","protected":false},"excerpt":{"rendered":"<p>Alejandro \u00c1vila Boca del R\u00edo, Ver.- La ex militante de Movimiento Ciudadano, Sof\u00eda Yunes Gamboa, anunci\u00f3 en rueda de prensa, acompa\u00f1ada del candidato al Senado, Miguel \u00c1ngel Yunes M\u00e1rquez; y del candidato a la gubernatura de Veracruz, Jos\u00e9 Francisco Yunes Zorrilla, que se suma a la alianza opositora, debido a que ah\u00ed s\u00ed existe la [&hellip;]<\/p>\n","protected":false},"author":2476,"featured_media":53099,"comment_status":"open","ping_status":"open","sticky":false,"template":"","format":"standard","meta":{"_jetpack_memberships_contains_paid_content":false,"footnotes":""},"categories":[2],"tags":[],"class_list":["post-53098","post","type-post","status-publish","format-standard","has-post-thumbnail","hentry","category-estado"],"jetpack_featured_media_url":"https:\/\/encuentroinformativo.com.mx\/wp-content\/uploads\/2024\/04\/IMG-20240410-WA00472.jpg","jetpack_sharing_enabled":true,"jetpack_likes_enabled":true,"amp_enabled":true,"_links":{"self":[{"href":"https:\/\/encuentroinformativo.com.mx\/index.php?rest_route=\/wp\/v2\/posts\/53098","targetHints":{"allow":["GET"]}}],"collection":[{"href":"https:\/\/encuentroinformativo.com.mx\/index.php?rest_route=\/wp\/v2\/posts"}],"about":[{"href":"https:\/\/encuentroinformativo.com.mx\/index.php?rest_route=\/wp\/v2\/types\/post"}],"author":[{"embeddable":true,"href":"https:\/\/encuentroinformativo.com.mx\/index.php?rest_route=\/wp\/v2\/users\/2476"}],"replies":[{"embeddable":true,"href":"https:\/\/encuentroinformativo.com.mx\/index.php?rest_route=%2Fwp%2Fv2%2Fcomments&post=53098"}],"version-history":[{"count":1,"href":"https:\/\/encuentroinformativo.com.mx\/index.php?rest_route=\/wp\/v2\/posts\/53098\/revisions"}],"predecessor-version":[{"id":53100,"href":"https:\/\/encuentroinformativo.com.mx\/index.php?rest_route=\/wp\/v2\/posts\/53098\/revisions\/53100"}],"wp:featuredmedia":[{"embeddable":true,"href":"https:\/\/encuentroinformativo.com.mx\/index.php?rest_route=\/wp\/v2\/media\/53099"}],"wp:attachment":[{"href":"https:\/\/encuentroinformativo.com.mx\/index.php?rest_route=%2Fwp%2Fv2%2Fmedia&parent=53098"}],"wp:term":[{"taxonomy":"category","embeddable":true,"href":"https:\/\/encuentroinformativo.com.mx\/index.php?rest_route=%2Fwp%2Fv2%2Fcategories&post=53098"},{"taxonomy":"post_tag","embeddable":true,"href":"https:\/\/encuentroinformativo.com.mx\/index.php?rest_route=%2Fwp%2Fv2%2Ftags&post=53098"}],"curies":[{"name":"wp","href":"https:\/\/api.w.org\/{rel}","templated":true}]}}