{"id":531,"date":"2020-03-08T13:54:44","date_gmt":"2020-03-08T19:54:44","guid":{"rendered":"https:\/\/encuentroinformativo.com\/?p=531"},"modified":"2020-03-08T13:54:44","modified_gmt":"2020-03-08T19:54:44","slug":"apoya-la-normal-un-dia-sin-nosotras","status":"publish","type":"post","link":"https:\/\/encuentroinformativo.com.mx\/?p=531","title":{"rendered":"Apoya la Normal \u201cUn d\u00eda sin nosotras\u201d"},"content":{"rendered":"\n<p><strong>Juan Arcos <\/strong><\/p>\n\n\n\n<p>Xalapa, Ver.- El director de la Benem\u00e9rita Escuela Normal Veracruzana (BENV), Daniel Dom\u00ednguez Aguilar, asegur\u00f3 que no habr\u00e1 represalias contra las estudiantes que decidan sumarse al paro \u201cUn d\u00eda sin nosotras\u201d, el pr\u00f3ximo 9 de marzo.<\/p>\n\n\n\n<p>El acad\u00e9mico admiti\u00f3 que ha existido falta de comunicaci\u00f3n con los alumnos sobre el tema.<\/p>\n\n\n\n<p>\u201cEn lo esencial, siempre le hemos dado apertura y apoyo. Cuando ellos me pregunta que si apoyaba yo, estoy en sinton\u00eda con lo que dice la autoridad superior\u201d.<\/p>\n\n\n\n<p>Record\u00f3 que no se trata de una suspensi\u00f3n de clases, sino de una protesta de mujeres que deciden parar labores para exigir que cese la violencia contra las mujeres.<\/p>\n\n\n\n<p>\u201cPero se entender\u00eda, se comprender\u00eda, no habr\u00eda ninguna represalia contra quienes se manifiesten\u201d.<\/p>\n\n\n\n<p>Cabe recordar que los normalistas realizaron un paro de brazos ca\u00eddos, el viernes pasado, para sumarse a la protesta \u201cNi una bata menos\u201d y exigir a las autoridades acad\u00e9micas que les permitan tambi\u00e9n participar en el paro \u201cUn d\u00eda sin nosotras\u201d.<\/p>\n\n\n\n<p>Dom\u00ednguez Aguilar indic\u00f3 que en ning\u00fan momento se ha vulnerado el derecho a la libre expresi\u00f3n y manifestaci\u00f3n de los alumnos.<\/p>\n\n\n\n<p><\/p>\n","protected":false},"excerpt":{"rendered":"<p>Juan Arcos Xalapa, Ver.- El director de la Benem\u00e9rita Escuela Normal Veracruzana (BENV), Daniel Dom\u00ednguez Aguilar, asegur\u00f3 que no habr\u00e1 represalias contra las estudiantes que decidan sumarse al paro \u201cUn d\u00eda sin nosotras\u201d, el pr\u00f3ximo 9 de marzo. El acad\u00e9mico admiti\u00f3 que ha existido falta de comunicaci\u00f3n con los alumnos sobre el tema. \u201cEn lo [&hellip;]<\/p>\n","protected":false},"author":1,"featured_media":532,"comment_status":"open","ping_status":"open","sticky":false,"template":"","format":"standard","meta":{"_jetpack_memberships_contains_paid_content":false,"footnotes":""},"categories":[3],"tags":[],"class_list":["post-531","post","type-post","status-publish","format-standard","has-post-thumbnail","hentry","category-xalapa"],"jetpack_featured_media_url":"https:\/\/encuentroinformativo.com.mx\/wp-content\/uploads\/2020\/03\/BD6DC6E3-2613-41D7-A73A-6F2E11E674C4.jpeg","jetpack_sharing_enabled":true,"jetpack_likes_enabled":true,"amp_enabled":true,"_links":{"self":[{"href":"https:\/\/encuentroinformativo.com.mx\/index.php?rest_route=\/wp\/v2\/posts\/531","targetHints":{"allow":["GET"]}}],"collection":[{"href":"https:\/\/encuentroinformativo.com.mx\/index.php?rest_route=\/wp\/v2\/posts"}],"about":[{"href":"https:\/\/encuentroinformativo.com.mx\/index.php?rest_route=\/wp\/v2\/types\/post"}],"author":[{"embeddable":true,"href":"https:\/\/encuentroinformativo.com.mx\/index.php?rest_route=\/wp\/v2\/users\/1"}],"replies":[{"embeddable":true,"href":"https:\/\/encuentroinformativo.com.mx\/index.php?rest_route=%2Fwp%2Fv2%2Fcomments&post=531"}],"version-history":[{"count":1,"href":"https:\/\/encuentroinformativo.com.mx\/index.php?rest_route=\/wp\/v2\/posts\/531\/revisions"}],"predecessor-version":[{"id":533,"href":"https:\/\/encuentroinformativo.com.mx\/index.php?rest_route=\/wp\/v2\/posts\/531\/revisions\/533"}],"wp:featuredmedia":[{"embeddable":true,"href":"https:\/\/encuentroinformativo.com.mx\/index.php?rest_route=\/wp\/v2\/media\/532"}],"wp:attachment":[{"href":"https:\/\/encuentroinformativo.com.mx\/index.php?rest_route=%2Fwp%2Fv2%2Fmedia&parent=531"}],"wp:term":[{"taxonomy":"category","embeddable":true,"href":"https:\/\/encuentroinformativo.com.mx\/index.php?rest_route=%2Fwp%2Fv2%2Fcategories&post=531"},{"taxonomy":"post_tag","embeddable":true,"href":"https:\/\/encuentroinformativo.com.mx\/index.php?rest_route=%2Fwp%2Fv2%2Ftags&post=531"}],"curies":[{"name":"wp","href":"https:\/\/api.w.org\/{rel}","templated":true}]}}