{"id":53113,"date":"2024-04-10T15:31:26","date_gmt":"2024-04-10T21:31:26","guid":{"rendered":"https:\/\/encuentroinformativo.com.mx\/?p=53113"},"modified":"2024-04-10T15:34:19","modified_gmt":"2024-04-10T21:34:19","slug":"brujas-del-mar-denunciara-por-uso-de-su-nombre-en-marcha-de-presuntas-feministas","status":"publish","type":"post","link":"https:\/\/encuentroinformativo.com.mx\/?p=53113","title":{"rendered":"Brujas del Mar denunciar\u00e1 por uso de su nombre en marcha de presuntas feministas"},"content":{"rendered":"\n<p><strong>Alejandro \u00c1vila<\/strong><\/p>\n\n\n\n<p>Veracruz, Ver.- La colectiva &#8220;Brujas del Mar&#8221; ya prepara una denuncia civil y penal en contra de quienes resulten responsables de utilizar su nombre para participar en una supuesta marcha feminista en favor de la candida a la gubernatura de Veracruz por Morena, Roc\u00edo Nahle Garc\u00eda.<\/p>\n\n\n\n<p>La vocera, Arussi Unda, afirm\u00f3 que se trat\u00f3 de una burla y la convocar\u00eda pat\u00e9tica a pesar de que hubo acarreo.<\/p>\n\n\n\n<p>\u201cFue pat\u00e9tica su disque marcha, que ni con acarreo, ni con nada juntaron ni cien personas, eso creo que lejos de molestarle hablando en lo personal, me entusiasma que nos estamos dando cuenta de c\u00f3mo son las personas que llegaron con promesas y siguen queriendo permanecer con promesas\u201d, acus\u00f3.<\/p>\n\n\n\n<p>Una vez terminada la marcha de este martes 9 de abril y al darse cuenta de que utilizaron su nombre para hechos pol\u00edticos, iniciaron con la asesor\u00eda legal para denunciar a quienes utilizaron El nombre de la colectiva.<\/p>\n\n\n\n<p>\u201cSe est\u00e1 pensando en violencia digital por parte del OPLE, porque esto nos vulnera y me pone un poquito nerviosa porque no s\u00e9 cu\u00e1l es el mensaje velado de meternos en esta situaci\u00f3n y ya por la v\u00eda penal un tema de da\u00f1os de honor. Mujeres que trabajan en dependencias gubernamentales son coaccionadas a tener que participar en este tipo de eventos o de situaciones porque hay un mensaje velado que si no lo hacen sus puestos est\u00e1n en riesgo\u201d.<\/p>\n\n\n\n<p>Afirm\u00f3 que es desde\u00f1able que ahora utilicen la violencia contra las mujeres ahora que es a favor de su candidata.<\/p>\n\n\n\n<p>\u201cEs especialmente ir\u00f3nico en un tema particular hablando de las Brujas del Mar ahora como se est\u00e1n rasgando las vestiduras de que la violencia de las mujeres cuando a nosotros nos bloquearon en el Congreso, cuando sabemos que tienen en la congeladora leyes de las mujeres (\u2026) ahora si les interesa el tema de las mujeres pero cuando es con su candidata, hay una cifras alarmantes en Veracruz de violencia contra las mujeres, de violencia pol\u00edtica contra las mujeres\u201d.<\/p>\n","protected":false},"excerpt":{"rendered":"<p>Alejandro \u00c1vila Veracruz, Ver.- La colectiva &#8220;Brujas del Mar&#8221; ya prepara una denuncia civil y penal en contra de quienes resulten responsables de utilizar su nombre para participar en una supuesta marcha feminista en favor de la candida a la gubernatura de Veracruz por Morena, Roc\u00edo Nahle Garc\u00eda. La vocera, Arussi Unda, afirm\u00f3 que se [&hellip;]<\/p>\n","protected":false},"author":2476,"featured_media":53116,"comment_status":"open","ping_status":"open","sticky":false,"template":"","format":"standard","meta":{"_jetpack_memberships_contains_paid_content":false,"footnotes":""},"categories":[2],"tags":[],"class_list":["post-53113","post","type-post","status-publish","format-standard","has-post-thumbnail","hentry","category-estado"],"jetpack_featured_media_url":"https:\/\/encuentroinformativo.com.mx\/wp-content\/uploads\/2024\/04\/IMG-20240410-WA00822-scaled.jpg","jetpack_sharing_enabled":true,"jetpack_likes_enabled":true,"amp_enabled":true,"_links":{"self":[{"href":"https:\/\/encuentroinformativo.com.mx\/index.php?rest_route=\/wp\/v2\/posts\/53113","targetHints":{"allow":["GET"]}}],"collection":[{"href":"https:\/\/encuentroinformativo.com.mx\/index.php?rest_route=\/wp\/v2\/posts"}],"about":[{"href":"https:\/\/encuentroinformativo.com.mx\/index.php?rest_route=\/wp\/v2\/types\/post"}],"author":[{"embeddable":true,"href":"https:\/\/encuentroinformativo.com.mx\/index.php?rest_route=\/wp\/v2\/users\/2476"}],"replies":[{"embeddable":true,"href":"https:\/\/encuentroinformativo.com.mx\/index.php?rest_route=%2Fwp%2Fv2%2Fcomments&post=53113"}],"version-history":[{"count":1,"href":"https:\/\/encuentroinformativo.com.mx\/index.php?rest_route=\/wp\/v2\/posts\/53113\/revisions"}],"predecessor-version":[{"id":53115,"href":"https:\/\/encuentroinformativo.com.mx\/index.php?rest_route=\/wp\/v2\/posts\/53113\/revisions\/53115"}],"wp:featuredmedia":[{"embeddable":true,"href":"https:\/\/encuentroinformativo.com.mx\/index.php?rest_route=\/wp\/v2\/media\/53116"}],"wp:attachment":[{"href":"https:\/\/encuentroinformativo.com.mx\/index.php?rest_route=%2Fwp%2Fv2%2Fmedia&parent=53113"}],"wp:term":[{"taxonomy":"category","embeddable":true,"href":"https:\/\/encuentroinformativo.com.mx\/index.php?rest_route=%2Fwp%2Fv2%2Fcategories&post=53113"},{"taxonomy":"post_tag","embeddable":true,"href":"https:\/\/encuentroinformativo.com.mx\/index.php?rest_route=%2Fwp%2Fv2%2Ftags&post=53113"}],"curies":[{"name":"wp","href":"https:\/\/api.w.org\/{rel}","templated":true}]}}