{"id":53141,"date":"2024-04-11T12:45:39","date_gmt":"2024-04-11T18:45:39","guid":{"rendered":"https:\/\/encuentroinformativo.com.mx\/?p=53141"},"modified":"2024-04-11T12:45:45","modified_gmt":"2024-04-11T18:45:45","slug":"con-manifestacion-reclaman-liberacion-de-itiel-n","status":"publish","type":"post","link":"https:\/\/encuentroinformativo.com.mx\/?p=53141","title":{"rendered":"Con manifestaci\u00f3n, reclaman liberaci\u00f3n de Itiel N"},"content":{"rendered":"\n<p><strong>Juan Arcos <\/strong><\/p>\n\n\n\n<p>Xalapa, Ver.- Decenas de personas protestaron frente a Palacio de Gobierno, en la ciudad de Xalapa, para exigir la liberaci\u00f3n del empresario Itiel \u201cN\u201d, quien fue acusado del presunto homicidio del diputado local Juan Carlos Molina y otras personas.<\/p>\n\n\n\n<p>Ana Luc\u00eda Zavala Rodr\u00edguez, presidenta nacional de la Organizaci\u00f3n Humanista por el Progreso Social, indic\u00f3 que Itiel ha sido acusado varias veces por el mismo delito, lo que es inconstitucional y una violaci\u00f3n a sus derechos humanos.<\/p>\n\n\n\n<p>\u201cNo se hagan, sabemos qui\u00e9nes fueron los asesinos, son de nuestra comunidad, que se quieren quedar en la plaza, y no saben que estamos con un crimen, aparte del crimen organizado. Entonces, son muchas situaciones. Ahora, yo le voy a decir una cosa, seg\u00fan nuestras leyes, se dice que una persona jam\u00e1s puede ser juzgada dos veces por un mismo delito\u201d.<\/p>\n\n\n\n<p>Adem\u00e1s, presuntamente se ha detectado una serie de anomal\u00edas desde su detenci\u00f3n, pues argumentan que es inocente y se han presentado pruebas para demostrarlo.<\/p>\n\n\n\n<p>\u201c\u00c9l, despu\u00e9s de demostrar su inocencia, o sea, donde estuvo todo, es que aqu\u00ed no le aceptaron nada, le abandonaron a la secretaria en M\u00e9xico, y a \u00e9l le dan alivio. Van por \u00e9l a liberarlo, desde donde lo mandan al penal de Veracruz, y resulta que de all\u00e1, cuando sale, cuando sale, y ves que ya no tiene orden de aprehensi\u00f3n ni nada, sale libre, resulta que ya estaban los ministeriales de Veracruz, esper\u00e1ndolo con otra orden de aprehensi\u00f3n, pero por el mismo delito\u201d.<\/p>\n\n\n\n<p>Los inconformes tambi\u00e9n denunciaron la presunta fabricaci\u00f3n de testigos y evidencias contra Itiel \u201cN\u201d para mantenerlo en prisi\u00f3n.<\/p>\n\n\n\n<p>El 3 de junio de 2023 fue absuelto por la entonces jueza Ang\u00e9lica S\u00e1nchez Hern\u00e1ndez de los cargos de homicidio y recibi\u00f3 la orden de libertad inmediata; sin embargo, al salir del Reclusorio Federal de Ramos Arizpe, Coahuila, fue detenido de nuevo a solicitud de la Fiscal\u00eda de Veracruz.<\/p>\n\n\n\n<p>El empresario guanajuatense ha sido se\u00f1alado en tres ocasiones por el delito de homicidio doloso calificado. Sus familiares aseguraron que se ha comprobado su inocencia y, pese a ello, autoridades de Veracruz lo mantienen en prisi\u00f3n.<\/p>\n\n\n\n<figure class=\"wp-block-image size-large\"><img loading=\"lazy\" decoding=\"async\" width=\"1024\" height=\"768\" src=\"https:\/\/encuentroinformativo.com.mx\/wp-content\/uploads\/2024\/04\/IMG_3728-1024x768.jpg\" alt=\"\" class=\"wp-image-53143\" srcset=\"https:\/\/encuentroinformativo.com.mx\/wp-content\/uploads\/2024\/04\/IMG_3728-1024x768.jpg 1024w, https:\/\/encuentroinformativo.com.mx\/wp-content\/uploads\/2024\/04\/IMG_3728-300x225.jpg 300w, https:\/\/encuentroinformativo.com.mx\/wp-content\/uploads\/2024\/04\/IMG_3728-768x576.jpg 768w, https:\/\/encuentroinformativo.com.mx\/wp-content\/uploads\/2024\/04\/IMG_3728-1536x1152.jpg 1536w, https:\/\/encuentroinformativo.com.mx\/wp-content\/uploads\/2024\/04\/IMG_3728.jpg 2016w\" sizes=\"auto, (max-width: 1024px) 100vw, 1024px\" \/><\/figure>\n","protected":false},"excerpt":{"rendered":"<p>Juan Arcos Xalapa, Ver.- Decenas de personas protestaron frente a Palacio de Gobierno, en la ciudad de Xalapa, para exigir la liberaci\u00f3n del empresario Itiel \u201cN\u201d, quien fue acusado del presunto homicidio del diputado local Juan Carlos Molina y otras personas. Ana Luc\u00eda Zavala Rodr\u00edguez, presidenta nacional de la Organizaci\u00f3n Humanista por el Progreso Social, [&hellip;]<\/p>\n","protected":false},"author":2476,"featured_media":53142,"comment_status":"open","ping_status":"open","sticky":false,"template":"","format":"standard","meta":{"_jetpack_memberships_contains_paid_content":false,"footnotes":""},"categories":[3],"tags":[],"class_list":["post-53141","post","type-post","status-publish","format-standard","has-post-thumbnail","hentry","category-xalapa"],"jetpack_featured_media_url":"https:\/\/encuentroinformativo.com.mx\/wp-content\/uploads\/2024\/04\/IMG_3696.jpg","jetpack_sharing_enabled":true,"jetpack_likes_enabled":true,"amp_enabled":true,"_links":{"self":[{"href":"https:\/\/encuentroinformativo.com.mx\/index.php?rest_route=\/wp\/v2\/posts\/53141","targetHints":{"allow":["GET"]}}],"collection":[{"href":"https:\/\/encuentroinformativo.com.mx\/index.php?rest_route=\/wp\/v2\/posts"}],"about":[{"href":"https:\/\/encuentroinformativo.com.mx\/index.php?rest_route=\/wp\/v2\/types\/post"}],"author":[{"embeddable":true,"href":"https:\/\/encuentroinformativo.com.mx\/index.php?rest_route=\/wp\/v2\/users\/2476"}],"replies":[{"embeddable":true,"href":"https:\/\/encuentroinformativo.com.mx\/index.php?rest_route=%2Fwp%2Fv2%2Fcomments&post=53141"}],"version-history":[{"count":1,"href":"https:\/\/encuentroinformativo.com.mx\/index.php?rest_route=\/wp\/v2\/posts\/53141\/revisions"}],"predecessor-version":[{"id":53144,"href":"https:\/\/encuentroinformativo.com.mx\/index.php?rest_route=\/wp\/v2\/posts\/53141\/revisions\/53144"}],"wp:featuredmedia":[{"embeddable":true,"href":"https:\/\/encuentroinformativo.com.mx\/index.php?rest_route=\/wp\/v2\/media\/53142"}],"wp:attachment":[{"href":"https:\/\/encuentroinformativo.com.mx\/index.php?rest_route=%2Fwp%2Fv2%2Fmedia&parent=53141"}],"wp:term":[{"taxonomy":"category","embeddable":true,"href":"https:\/\/encuentroinformativo.com.mx\/index.php?rest_route=%2Fwp%2Fv2%2Fcategories&post=53141"},{"taxonomy":"post_tag","embeddable":true,"href":"https:\/\/encuentroinformativo.com.mx\/index.php?rest_route=%2Fwp%2Fv2%2Ftags&post=53141"}],"curies":[{"name":"wp","href":"https:\/\/api.w.org\/{rel}","templated":true}]}}