{"id":5316,"date":"2020-08-28T16:50:39","date_gmt":"2020-08-28T21:50:39","guid":{"rendered":"https:\/\/encuentroinformativo.com\/?p=5316"},"modified":"2020-08-28T16:50:42","modified_gmt":"2020-08-28T21:50:42","slug":"por-pandemia-abuelitos-celebran-su-dia-sin-nietos-depresion-al-acecho","status":"publish","type":"post","link":"https:\/\/encuentroinformativo.com.mx\/?p=5316","title":{"rendered":"Por pandemia, abuelitos celebran su d\u00eda sin nietos; depresi\u00f3n al acecho"},"content":{"rendered":"\n<p><strong>Juan Arcos <\/strong><\/p>\n\n\n\n<p>Xalapa, Ver.- Do\u00f1a Regina a\u00fan puede caminar a sus 82 a\u00f1os, pero todos los d\u00edas lucha contra un dolor de espalda que la hace pasar horas sentada.<\/p>\n\n\n\n<p>La depresi\u00f3n es otro de los males que ha nublado sus pensamientos. La pandemia del SARS-COV-2 (COVID-19) ha sido la causa.\u00a0<br>\u201cHe sentido depresi\u00f3n a ratos, por d\u00edas me he sentido deprimida\u201d, comenta.<\/p>\n\n\n\n<p>Este viernes 28 de agosto se conmemora el D\u00eda del Abuelo en M\u00e9xico; sin embargo, Regina Dom\u00ednguez Trujillo no podr\u00e1 ver a sus cinco nietos ni a sus cuatro bisnietos por la contingencia sanitaria.<\/p>\n\n\n\n<p>Durante casi cinco meses ha estado pr\u00e1cticamente sola. Su esposo Juan, de 85 a\u00f1os, la atiende, cuando es posible, pues tambi\u00e9n ha perdido fuerza y movilidad por la vejez, aunque su estado de salud es favorable.<\/p>\n\n\n\n<p>Los adultos mayores llevan 61 a\u00f1os de casados. Han tenido diferencias y problemas que siempre han sabido resolver de manera conjunta.<\/p>\n\n\n\n<p>\u201cMi esposo es una persona maravillosa, \u00e9l me atiende en lo que puede, lo que yo puedo hacer lo hago y ah\u00ed vamos, con la ayuda de mis tres hijas\u201d.<\/p>\n\n\n\n<p><strong>SIN MIEDO AL COVID-19\u00a0<\/strong><\/p>\n\n\n\n<p>Ella perdi\u00f3 totalmente la vista en uno de sus ojos por un glaucoma, derivado de la diabetes, enfermedad que, desde hace a\u00f1os, ha limitado su vida.<\/p>\n\n\n\n<p>La mujer es vulnerable a un posible contagio de coronavirus, pues podr\u00eda ser fatal por su edad y sus padecimientos, seg\u00fan mencionan las propias autoridades sanitarias y los m\u00e9dicos.<\/p>\n\n\n\n<p>Ella no teme al virus que ha ocasionado casi 814 mil muertes en el mundo. Lo \u00fanico que anhela con ansias es visitar a sus hermanas, quienes tambi\u00e9n padecen enfermedades cr\u00f3nicas degenerativas y, algunas de ellas, permanecen en cama.<\/p>\n\n\n\n<p>\u201cMe he sentido deprimida en la pandemia. No he visto a mis hermanas, no puedo visitarlas y est\u00e1n enfermas, todo eso hace que me sienta m\u00e1s preocupada\u201d.<\/p>\n\n\n\n<p>Su preocupaci\u00f3n ha ido en aumento durante la contingencia sanitaria, debido a que no hay m\u00e9dicos especialistas ni medicamentos en el Instituto de Seguridad y Servicios Sociales de los Trabajadores del Estado (ISSSTE) de Xalapa, la capital de Veracruz, para seguir su tratamiento.<\/p>\n\n\n\n<p>Do\u00f1a Regina est\u00e1 dispuesta a esperar a que cesen los contagios de COVID-19, para pasar tiempo con sus seres m\u00e1s queridos y no s\u00f3lo saber de ellos, mediante llamadas telef\u00f3nicas.<\/p>\n\n\n\n<p>\u201cGracias a Dios creo que puedo aguantar un poco m\u00e1s de estar encerrada\u201d.<\/p>\n\n\n\n<p><\/p>\n","protected":false},"excerpt":{"rendered":"<p>Juan Arcos Xalapa, Ver.- Do\u00f1a Regina a\u00fan puede caminar a sus 82 a\u00f1os, pero todos los d\u00edas lucha contra un dolor de espalda que la hace pasar horas sentada. La depresi\u00f3n es otro de los males que ha nublado sus pensamientos. La pandemia del SARS-COV-2 (COVID-19) ha sido la causa.\u00a0\u201cHe sentido depresi\u00f3n a ratos, por [&hellip;]<\/p>\n","protected":false},"author":1,"featured_media":5317,"comment_status":"open","ping_status":"open","sticky":false,"template":"","format":"standard","meta":{"_jetpack_memberships_contains_paid_content":false,"footnotes":""},"categories":[3],"tags":[],"class_list":["post-5316","post","type-post","status-publish","format-standard","has-post-thumbnail","hentry","category-xalapa"],"jetpack_featured_media_url":"https:\/\/encuentroinformativo.com.mx\/wp-content\/uploads\/2020\/08\/3F23D4EC-5F47-47D8-AC37-E10A59CBC6F8.jpeg","jetpack_sharing_enabled":true,"jetpack_likes_enabled":true,"amp_enabled":true,"_links":{"self":[{"href":"https:\/\/encuentroinformativo.com.mx\/index.php?rest_route=\/wp\/v2\/posts\/5316","targetHints":{"allow":["GET"]}}],"collection":[{"href":"https:\/\/encuentroinformativo.com.mx\/index.php?rest_route=\/wp\/v2\/posts"}],"about":[{"href":"https:\/\/encuentroinformativo.com.mx\/index.php?rest_route=\/wp\/v2\/types\/post"}],"author":[{"embeddable":true,"href":"https:\/\/encuentroinformativo.com.mx\/index.php?rest_route=\/wp\/v2\/users\/1"}],"replies":[{"embeddable":true,"href":"https:\/\/encuentroinformativo.com.mx\/index.php?rest_route=%2Fwp%2Fv2%2Fcomments&post=5316"}],"version-history":[{"count":1,"href":"https:\/\/encuentroinformativo.com.mx\/index.php?rest_route=\/wp\/v2\/posts\/5316\/revisions"}],"predecessor-version":[{"id":5318,"href":"https:\/\/encuentroinformativo.com.mx\/index.php?rest_route=\/wp\/v2\/posts\/5316\/revisions\/5318"}],"wp:featuredmedia":[{"embeddable":true,"href":"https:\/\/encuentroinformativo.com.mx\/index.php?rest_route=\/wp\/v2\/media\/5317"}],"wp:attachment":[{"href":"https:\/\/encuentroinformativo.com.mx\/index.php?rest_route=%2Fwp%2Fv2%2Fmedia&parent=5316"}],"wp:term":[{"taxonomy":"category","embeddable":true,"href":"https:\/\/encuentroinformativo.com.mx\/index.php?rest_route=%2Fwp%2Fv2%2Fcategories&post=5316"},{"taxonomy":"post_tag","embeddable":true,"href":"https:\/\/encuentroinformativo.com.mx\/index.php?rest_route=%2Fwp%2Fv2%2Ftags&post=5316"}],"curies":[{"name":"wp","href":"https:\/\/api.w.org\/{rel}","templated":true}]}}