{"id":53160,"date":"2024-04-11T13:48:15","date_gmt":"2024-04-11T19:48:15","guid":{"rendered":"https:\/\/encuentroinformativo.com.mx\/?p=53160"},"modified":"2024-04-11T13:48:21","modified_gmt":"2024-04-11T19:48:21","slug":"que-candidatos-no-caigan-en-calumnias-durante-debate-ine-veracruz","status":"publish","type":"post","link":"https:\/\/encuentroinformativo.com.mx\/?p=53160","title":{"rendered":"Que candidatos no caigan en calumnias durante debate: INE Veracruz"},"content":{"rendered":"\n<p><strong>Dar\u00edo Pale <\/strong><\/p>\n\n\n\n<p>Xalapa, Ver.- Es positivo que en los debates entre candidatos, no s\u00f3lo haya propuestas, sino tambi\u00e9n que se saquen los &#8220;trapitos al sol&#8221;, se descalifiquen y ataquen, pero que no caigan en calumnias, as\u00ed lo dio a conocer el vocal ejecutivo de la Junta Local del Instituto Nacional Electoral (INE) de Veracruz, Josu\u00e9 Cervantes Mart\u00ednez.<\/p>\n\n\n\n<p>Durante una reuni\u00f3n con empresarios, mencion\u00f3 que de esa forma se puede saber realmente qui\u00e9nes son los candidatos, cu\u00e1l es su pasado y lo que han hecho dentro del servicio p\u00fablico o a favor de la sociedad.<\/p>\n\n\n\n<p>Cuestionado por integrantes del Consejo Empresarial Metropolitano de Xalapa (CEM), sobre la realizaci\u00f3n de debates, el funcionario electoral dijo estar a favor de los mismos, pues contribuyen a la democracia y a la confrontaci\u00f3n de ideas.<\/p>\n\n\n\n<p>Admiti\u00f3 que algunos no vieron positivo los ataques que hubo en el pasado debate entre los candidatos a la Presidencia de M\u00e9xico, pero consider\u00f3 que de esa manera ayuda para que los ciudadanos puedan discernir entre ellos.<\/p>\n\n\n\n<p>\u201cNo es necesariamente malo cuando hay ataques, pero si s\u00f3lo hay cuestionamientos o s\u00f3lo descalificaciones sin propuestas entonces no contribuye\u201d, se\u00f1al\u00f3.<\/p>\n\n\n\n<p>Cervantes Mart\u00ednez coment\u00f3 que est\u00e1 planeando la organizaci\u00f3n de un debate entre los candidatos al Senado de la Rep\u00fablica por el Estado de Veracruz.<\/p>\n\n\n\n<p>Indic\u00f3 que todav\u00eda no tienen una sede, pero adelant\u00f3 que ser\u00e1 algo muy austero, incluso podr\u00edan ocupar el auditorio del OPLE o alg\u00fan otro lugar que les presten.<\/p>\n\n\n\n<p>Por \u00faltimo dio a conocer que los candidatos al Senado de las dos coaliciones, as\u00ed como de MC han manifestado su inter\u00e9s de participar, y con base en ello, el INE buscar\u00e1 organizarlo y brindar las facilidades para la confrontaci\u00f3n de ideas.<\/p>\n","protected":false},"excerpt":{"rendered":"<p>Dar\u00edo Pale Xalapa, Ver.- Es positivo que en los debates entre candidatos, no s\u00f3lo haya propuestas, sino tambi\u00e9n que se saquen los &#8220;trapitos al sol&#8221;, se descalifiquen y ataquen, pero que no caigan en calumnias, as\u00ed lo dio a conocer el vocal ejecutivo de la Junta Local del Instituto Nacional Electoral (INE) de Veracruz, Josu\u00e9 [&hellip;]<\/p>\n","protected":false},"author":2476,"featured_media":53161,"comment_status":"open","ping_status":"open","sticky":false,"template":"","format":"standard","meta":{"_jetpack_memberships_contains_paid_content":false,"footnotes":""},"categories":[2],"tags":[],"class_list":["post-53160","post","type-post","status-publish","format-standard","has-post-thumbnail","hentry","category-estado"],"jetpack_featured_media_url":"https:\/\/encuentroinformativo.com.mx\/wp-content\/uploads\/2024\/04\/IMG-20240411-WA0062.jpg","jetpack_sharing_enabled":true,"jetpack_likes_enabled":true,"amp_enabled":true,"_links":{"self":[{"href":"https:\/\/encuentroinformativo.com.mx\/index.php?rest_route=\/wp\/v2\/posts\/53160","targetHints":{"allow":["GET"]}}],"collection":[{"href":"https:\/\/encuentroinformativo.com.mx\/index.php?rest_route=\/wp\/v2\/posts"}],"about":[{"href":"https:\/\/encuentroinformativo.com.mx\/index.php?rest_route=\/wp\/v2\/types\/post"}],"author":[{"embeddable":true,"href":"https:\/\/encuentroinformativo.com.mx\/index.php?rest_route=\/wp\/v2\/users\/2476"}],"replies":[{"embeddable":true,"href":"https:\/\/encuentroinformativo.com.mx\/index.php?rest_route=%2Fwp%2Fv2%2Fcomments&post=53160"}],"version-history":[{"count":1,"href":"https:\/\/encuentroinformativo.com.mx\/index.php?rest_route=\/wp\/v2\/posts\/53160\/revisions"}],"predecessor-version":[{"id":53162,"href":"https:\/\/encuentroinformativo.com.mx\/index.php?rest_route=\/wp\/v2\/posts\/53160\/revisions\/53162"}],"wp:featuredmedia":[{"embeddable":true,"href":"https:\/\/encuentroinformativo.com.mx\/index.php?rest_route=\/wp\/v2\/media\/53161"}],"wp:attachment":[{"href":"https:\/\/encuentroinformativo.com.mx\/index.php?rest_route=%2Fwp%2Fv2%2Fmedia&parent=53160"}],"wp:term":[{"taxonomy":"category","embeddable":true,"href":"https:\/\/encuentroinformativo.com.mx\/index.php?rest_route=%2Fwp%2Fv2%2Fcategories&post=53160"},{"taxonomy":"post_tag","embeddable":true,"href":"https:\/\/encuentroinformativo.com.mx\/index.php?rest_route=%2Fwp%2Fv2%2Ftags&post=53160"}],"curies":[{"name":"wp","href":"https:\/\/api.w.org\/{rel}","templated":true}]}}