{"id":53172,"date":"2024-04-11T15:11:07","date_gmt":"2024-04-11T21:11:07","guid":{"rendered":"https:\/\/encuentroinformativo.com.mx\/?p=53172"},"modified":"2024-04-11T15:11:12","modified_gmt":"2024-04-11T21:11:12","slug":"piden-a-candidatos-que-no-le-saquen-a-debates","status":"publish","type":"post","link":"https:\/\/encuentroinformativo.com.mx\/?p=53172","title":{"rendered":"Piden a candidatos que &#8220;no le saquen&#8221; a debates"},"content":{"rendered":"\n<p>Xalapa, Ver.- Al cuestionar a las autoridades electorales sobre qu\u00e9 se puede hacer para que todos los candidatos s\u00ed debatan, Carlos Luna G\u00f3mez fustig\u00f3 el hecho de que Ana Miriam Ferr\u00e1ez Centeno y Erika Monserrat Blix Portilla rechazaran la invitaci\u00f3n del INE.<\/p>\n\n\n\n<p>En un encuentro organizado por el Consejo Empresarial Metropolitano de Xalapa (CEMX) con representantes del Instituto Nacional Electoral (INE) y del Organismo P\u00fablico Local Electoral de Veracruz (OPLE), el rector del IVES critic\u00f3 que si los candidatos no acuden la ciudadan\u00eda no tiene la oportunidad de conocer sus propuestas.<\/p>\n\n\n\n<p>Por ello, cuestion\u00f3 a las autoridades de los entes aut\u00f3nomos, tanto el federal como el estatal, sobre qu\u00e9 medidas o acciones implementar\u00edan para que todos los candidatos acudan a los diferentes debates que se organicen.<\/p>\n\n\n\n<p>Al respecto, el Vocal Ejecutivo de la Junta Local del INE, Josu\u00e9 Cervantes Mart\u00ednez manifest\u00f3 que los debates son una oportunidad para exponer a los ciudadanos sus propuestas y explicar de qu\u00e9 manera pueden ayudar a resolver los problemas que aquejan a la poblaci\u00f3n.<\/p>\n\n\n\n<p>Incluso, manifest\u00f3 que hasta se pueden &#8220;sacar los trapitos&#8221;, pero de manera civilizada y responsable, sin calumniar.<\/p>\n\n\n\n<p>Los cuestionamientos, precis\u00f3, no son malos, por el contrario, as\u00ed los ciudadanos se enteran si los aspirantes a un cargo de elecci\u00f3n popular hicieron algo indebido.<\/p>\n\n\n\n<p>Josu\u00e9 Cervantes se\u00f1al\u00f3 que no se trata de descalificar, sino que haya propuestas.<\/p>\n\n\n\n<p>Aunado a lo anterior, agreg\u00f3 que los candidatos deben convencer al electorado de porqu\u00e9 son la mejor opci\u00f3n y los dem\u00e1s no.<\/p>\n\n\n\n<p>Asimismo, coment\u00f3 que los debates permiten conocer quienes son los abanderados, c\u00f3mo se llaman, qu\u00e9 han hecho, que iniciativas presentar\u00e1n y en cu\u00e1les rubros.<\/p>\n\n\n\n<p>El desayuno organizado por el presidente del CEMX Fernando Arana Watty, cont\u00f3 con una nutrida asistencia y sirvi\u00f3 de marco para anunciar una campa\u00f1a de difusi\u00f3n en medios de comunicaci\u00f3n, universidades y redes sociales, para incentivar el voto entre los j\u00f3venes.<\/p>\n","protected":false},"excerpt":{"rendered":"<p>Xalapa, Ver.- Al cuestionar a las autoridades electorales sobre qu\u00e9 se puede hacer para que todos los candidatos s\u00ed debatan, Carlos Luna G\u00f3mez fustig\u00f3 el hecho de que Ana Miriam Ferr\u00e1ez Centeno y Erika Monserrat Blix Portilla rechazaran la invitaci\u00f3n del INE. En un encuentro organizado por el Consejo Empresarial Metropolitano de Xalapa (CEMX) con [&hellip;]<\/p>\n","protected":false},"author":2476,"featured_media":53173,"comment_status":"open","ping_status":"open","sticky":false,"template":"","format":"standard","meta":{"_jetpack_memberships_contains_paid_content":false,"footnotes":""},"categories":[3],"tags":[],"class_list":["post-53172","post","type-post","status-publish","format-standard","has-post-thumbnail","hentry","category-xalapa"],"jetpack_featured_media_url":"https:\/\/encuentroinformativo.com.mx\/wp-content\/uploads\/2024\/04\/IMG-20240411-WA0087.jpg","jetpack_sharing_enabled":true,"jetpack_likes_enabled":true,"amp_enabled":true,"_links":{"self":[{"href":"https:\/\/encuentroinformativo.com.mx\/index.php?rest_route=\/wp\/v2\/posts\/53172","targetHints":{"allow":["GET"]}}],"collection":[{"href":"https:\/\/encuentroinformativo.com.mx\/index.php?rest_route=\/wp\/v2\/posts"}],"about":[{"href":"https:\/\/encuentroinformativo.com.mx\/index.php?rest_route=\/wp\/v2\/types\/post"}],"author":[{"embeddable":true,"href":"https:\/\/encuentroinformativo.com.mx\/index.php?rest_route=\/wp\/v2\/users\/2476"}],"replies":[{"embeddable":true,"href":"https:\/\/encuentroinformativo.com.mx\/index.php?rest_route=%2Fwp%2Fv2%2Fcomments&post=53172"}],"version-history":[{"count":1,"href":"https:\/\/encuentroinformativo.com.mx\/index.php?rest_route=\/wp\/v2\/posts\/53172\/revisions"}],"predecessor-version":[{"id":53174,"href":"https:\/\/encuentroinformativo.com.mx\/index.php?rest_route=\/wp\/v2\/posts\/53172\/revisions\/53174"}],"wp:featuredmedia":[{"embeddable":true,"href":"https:\/\/encuentroinformativo.com.mx\/index.php?rest_route=\/wp\/v2\/media\/53173"}],"wp:attachment":[{"href":"https:\/\/encuentroinformativo.com.mx\/index.php?rest_route=%2Fwp%2Fv2%2Fmedia&parent=53172"}],"wp:term":[{"taxonomy":"category","embeddable":true,"href":"https:\/\/encuentroinformativo.com.mx\/index.php?rest_route=%2Fwp%2Fv2%2Fcategories&post=53172"},{"taxonomy":"post_tag","embeddable":true,"href":"https:\/\/encuentroinformativo.com.mx\/index.php?rest_route=%2Fwp%2Fv2%2Ftags&post=53172"}],"curies":[{"name":"wp","href":"https:\/\/api.w.org\/{rel}","templated":true}]}}