{"id":53178,"date":"2024-04-11T16:16:14","date_gmt":"2024-04-11T22:16:14","guid":{"rendered":"https:\/\/encuentroinformativo.com.mx\/?p=53178"},"modified":"2024-04-11T16:16:19","modified_gmt":"2024-04-11T22:16:19","slug":"manuel-huerta-queria-participar-en-debate-radiofonico","status":"publish","type":"post","link":"https:\/\/encuentroinformativo.com.mx\/?p=53178","title":{"rendered":"Manuel Huerta quer\u00eda participar en debate radiof\u00f3nico"},"content":{"rendered":"\n<p><strong>*La candidata Claudia Tello no se present\u00f3 al debate. <\/strong><\/p>\n\n\n\n<p><strong>Alejandro \u00c1vila<\/strong><\/p>\n\n\n\n<p>Veracruz, Ver.- El candidato de Morena en la segunda f\u00f3rmula al Senado, Manuel Huerta Ladr\u00f3n de Guevara, intent\u00f3 a toda costa debatir contra Miguel \u00c1ngel Yunes M\u00e1rquez y Dante Delgado Morales; sin embargo le fue negada esta solicitud.<\/p>\n\n\n\n<p>Las titulares del noticiero de la XEU, Olivia P\u00e9rez Y Betty Zabaleta, quienes tambi\u00e9n dirigen el debate de candidatos en cada proceso electoral, dieron a conocer que Claudia Tello desisti\u00f3 de la invitaci\u00f3n, y Manuel Huerta intent\u00f3 &#8220;subirse al ring&#8221;, sin embargo, los representantes de Movimiento Ciudadano y de la alianza PRI-PAN-PRD, se negaron a tal petici\u00f3n.<\/p>\n\n\n\n<p>Manuel Huerta envi\u00f3 a Manuel Rogel, actual delegado de Morena en Veracruz, para que intentara persuadir a los directivos de la radio difusora local m\u00e1s importante de la zona conurbada Veracruz Boca del R\u00edo, y a los representantes de los candidatos rivales para que \u00e9l pudiera debatir en lugar de Claudia Tello; pero se le aclar\u00f3 que \u00fanicamente podr\u00edan enfrentarse los aspirantes al Senado en primera f\u00f3rmula.<\/p>\n\n\n\n<p>Manuel Rogel fue se\u00f1alado hace apenas unos d\u00edas de ser parte de la corrupci\u00f3n que prevalece en la Secretar\u00eda de Bienestar de Veracruz, donde tiene en n\u00f3mina como &#8220;aviadores&#8221; a su novia y su suegra.<\/p>\n\n\n\n<p>Finalmente se inform\u00f3 que la candidata en primera f\u00f3rmula, Claudia Tello, argument\u00f3 v\u00eda telef\u00f3nica que no podr\u00eda asistir al debate debido su saturada agenda de campa\u00f1a; mientras que el dirigente estatal de Morena, Esteban Ram\u00edrez Zepeta, se excus\u00f3 v\u00eda Whats App, y puntualiz\u00f3 que la dirigencia nacional les prohib\u00eda participar en debates.<\/p>\n\n\n\n<p>Finalmente, el ejercicio democr\u00e1tico que realiza a\u00f1o con a\u00f1o la XEU, se convirti\u00f3 en tr\u00e1mite, y tanto Miguel \u00c1ngel Yunes M\u00e1rquez como Dante Delgado Morales, se limitaron a presentar sus propuestas de campa\u00f1a, por lo que el debate termin\u00f3 antes de lo previsto.<\/p>\n","protected":false},"excerpt":{"rendered":"<p>*La candidata Claudia Tello no se present\u00f3 al debate. Alejandro \u00c1vila Veracruz, Ver.- El candidato de Morena en la segunda f\u00f3rmula al Senado, Manuel Huerta Ladr\u00f3n de Guevara, intent\u00f3 a toda costa debatir contra Miguel \u00c1ngel Yunes M\u00e1rquez y Dante Delgado Morales; sin embargo le fue negada esta solicitud. Las titulares del noticiero de la [&hellip;]<\/p>\n","protected":false},"author":2476,"featured_media":53179,"comment_status":"open","ping_status":"open","sticky":false,"template":"","format":"standard","meta":{"_jetpack_memberships_contains_paid_content":false,"footnotes":""},"categories":[2],"tags":[],"class_list":["post-53178","post","type-post","status-publish","format-standard","has-post-thumbnail","hentry","category-estado"],"jetpack_featured_media_url":"https:\/\/encuentroinformativo.com.mx\/wp-content\/uploads\/2024\/04\/IMG-20240411-WA0130.jpg","jetpack_sharing_enabled":true,"jetpack_likes_enabled":true,"amp_enabled":true,"_links":{"self":[{"href":"https:\/\/encuentroinformativo.com.mx\/index.php?rest_route=\/wp\/v2\/posts\/53178","targetHints":{"allow":["GET"]}}],"collection":[{"href":"https:\/\/encuentroinformativo.com.mx\/index.php?rest_route=\/wp\/v2\/posts"}],"about":[{"href":"https:\/\/encuentroinformativo.com.mx\/index.php?rest_route=\/wp\/v2\/types\/post"}],"author":[{"embeddable":true,"href":"https:\/\/encuentroinformativo.com.mx\/index.php?rest_route=\/wp\/v2\/users\/2476"}],"replies":[{"embeddable":true,"href":"https:\/\/encuentroinformativo.com.mx\/index.php?rest_route=%2Fwp%2Fv2%2Fcomments&post=53178"}],"version-history":[{"count":1,"href":"https:\/\/encuentroinformativo.com.mx\/index.php?rest_route=\/wp\/v2\/posts\/53178\/revisions"}],"predecessor-version":[{"id":53180,"href":"https:\/\/encuentroinformativo.com.mx\/index.php?rest_route=\/wp\/v2\/posts\/53178\/revisions\/53180"}],"wp:featuredmedia":[{"embeddable":true,"href":"https:\/\/encuentroinformativo.com.mx\/index.php?rest_route=\/wp\/v2\/media\/53179"}],"wp:attachment":[{"href":"https:\/\/encuentroinformativo.com.mx\/index.php?rest_route=%2Fwp%2Fv2%2Fmedia&parent=53178"}],"wp:term":[{"taxonomy":"category","embeddable":true,"href":"https:\/\/encuentroinformativo.com.mx\/index.php?rest_route=%2Fwp%2Fv2%2Fcategories&post=53178"},{"taxonomy":"post_tag","embeddable":true,"href":"https:\/\/encuentroinformativo.com.mx\/index.php?rest_route=%2Fwp%2Fv2%2Ftags&post=53178"}],"curies":[{"name":"wp","href":"https:\/\/api.w.org\/{rel}","templated":true}]}}