{"id":53211,"date":"2024-04-12T11:44:51","date_gmt":"2024-04-12T17:44:51","guid":{"rendered":"https:\/\/encuentroinformativo.com.mx\/?p=53211"},"modified":"2024-04-12T15:45:28","modified_gmt":"2024-04-12T21:45:28","slug":"invitan-a-carnaval-en-el-castillo","status":"publish","type":"post","link":"https:\/\/encuentroinformativo.com.mx\/?p=53211","title":{"rendered":"Invitan a Carnaval en El Castillo"},"content":{"rendered":"\n<p><strong>Dar\u00edo Pale <\/strong><\/p>\n\n\n\n<p>Xalapa, Ver.- Invitan a la ciudadan\u00eda en general para que asistan del 18 al 21 de abril a la realizaci\u00f3n &nbsp;del primer Carnaval de El Castillo, as\u00ed lo indic\u00f3 el tesorero de la Junta de Mejoras, Carlos Rafael Chac\u00f3n.<\/p>\n\n\n\n<p>En conferencia de prensa, indic\u00f3 que habr\u00e1 actividades musicales, culturales y art\u00edsticas, como la exposici\u00f3n de autos cl\u00e1sicos en las calles de dicha congregaci\u00f3n.<\/p>\n\n\n\n<p>Asimismo, recalc\u00f3 que los eventos ser\u00e1n al aire libre y gratuitos; y est\u00e1 garantizada la seguridad ya que se contar\u00e1 con vigilancia de elementos de la Secretar\u00eda de Seguridad P\u00fablica, pero adem\u00e1s de personal de Tr\u00e1nsito Municipal y de la Direcci\u00f3n de Seguridad Ciudadana.<\/p>\n\n\n\n<p>Abund\u00f3 que el d\u00eda jueves 18 se har\u00e1 la quema del mal humor, mientras que el viernes 19 de abril se realizar\u00e1 la coronaci\u00f3n del rey de la alegr\u00eda y el 20 de abril la coronaci\u00f3n de la reina del carnaval y de la reina de la comunidad LGTB.<\/p>\n\n\n\n<p>Por \u00faltimo dio a conocer que tambi\u00e9n se har\u00e1 un desfile el domingo 21 de abril y finalmente invit\u00f3 a la poblaci\u00f3n de lugares aleda\u00f1os a que acudan a este evento que garantiza mucha diversi\u00f3n.<\/p>\n","protected":false},"excerpt":{"rendered":"<p>Dar\u00edo Pale Xalapa, Ver.- Invitan a la ciudadan\u00eda en general para que asistan del 18 al 21 de abril a la realizaci\u00f3n &nbsp;del primer Carnaval de El Castillo, as\u00ed lo indic\u00f3 el tesorero de la Junta de Mejoras, Carlos Rafael Chac\u00f3n. En conferencia de prensa, indic\u00f3 que habr\u00e1 actividades musicales, culturales y art\u00edsticas, como la [&hellip;]<\/p>\n","protected":false},"author":2476,"featured_media":53212,"comment_status":"open","ping_status":"open","sticky":false,"template":"","format":"standard","meta":{"_jetpack_memberships_contains_paid_content":false,"footnotes":""},"categories":[8],"tags":[],"class_list":["post-53211","post","type-post","status-publish","format-standard","has-post-thumbnail","hentry","category-region"],"jetpack_featured_media_url":"https:\/\/encuentroinformativo.com.mx\/wp-content\/uploads\/2024\/04\/IMG-20240412-WA0046.jpg","jetpack_sharing_enabled":true,"jetpack_likes_enabled":true,"amp_enabled":true,"_links":{"self":[{"href":"https:\/\/encuentroinformativo.com.mx\/index.php?rest_route=\/wp\/v2\/posts\/53211","targetHints":{"allow":["GET"]}}],"collection":[{"href":"https:\/\/encuentroinformativo.com.mx\/index.php?rest_route=\/wp\/v2\/posts"}],"about":[{"href":"https:\/\/encuentroinformativo.com.mx\/index.php?rest_route=\/wp\/v2\/types\/post"}],"author":[{"embeddable":true,"href":"https:\/\/encuentroinformativo.com.mx\/index.php?rest_route=\/wp\/v2\/users\/2476"}],"replies":[{"embeddable":true,"href":"https:\/\/encuentroinformativo.com.mx\/index.php?rest_route=%2Fwp%2Fv2%2Fcomments&post=53211"}],"version-history":[{"count":2,"href":"https:\/\/encuentroinformativo.com.mx\/index.php?rest_route=\/wp\/v2\/posts\/53211\/revisions"}],"predecessor-version":[{"id":53214,"href":"https:\/\/encuentroinformativo.com.mx\/index.php?rest_route=\/wp\/v2\/posts\/53211\/revisions\/53214"}],"wp:featuredmedia":[{"embeddable":true,"href":"https:\/\/encuentroinformativo.com.mx\/index.php?rest_route=\/wp\/v2\/media\/53212"}],"wp:attachment":[{"href":"https:\/\/encuentroinformativo.com.mx\/index.php?rest_route=%2Fwp%2Fv2%2Fmedia&parent=53211"}],"wp:term":[{"taxonomy":"category","embeddable":true,"href":"https:\/\/encuentroinformativo.com.mx\/index.php?rest_route=%2Fwp%2Fv2%2Fcategories&post=53211"},{"taxonomy":"post_tag","embeddable":true,"href":"https:\/\/encuentroinformativo.com.mx\/index.php?rest_route=%2Fwp%2Fv2%2Ftags&post=53211"}],"curies":[{"name":"wp","href":"https:\/\/api.w.org\/{rel}","templated":true}]}}