{"id":53215,"date":"2024-04-12T15:56:58","date_gmt":"2024-04-12T21:56:58","guid":{"rendered":"https:\/\/encuentroinformativo.com.mx\/?p=53215"},"modified":"2024-04-12T15:57:04","modified_gmt":"2024-04-12T21:57:04","slug":"imputan-a-exdirector-de-policia-municipal-por-homicidio-de-brando","status":"publish","type":"post","link":"https:\/\/encuentroinformativo.com.mx\/?p=53215","title":{"rendered":"Imputan a exdirector de polic\u00eda municipal por homicidio de Brando"},"content":{"rendered":"\n<p><strong>Juan Arcos <\/strong><\/p>\n\n\n\n<p>Xalapa, Ver.- Hugo \u201cN\u201d, exdirector de la Polic\u00eda Municipal de Lerdo de Tejada, fue imputado como probable responsable de los delitos de homicidio, encubrimiento por favorecimiento, incumplimiento de un deber legal y contra la preservaci\u00f3n del lugar del hecho, en agravio del joven Brando de Jes\u00fas Arellano Cruz, quien fue asesinado por polic\u00edas el pasado 19 de enero.<\/p>\n\n\n\n<p>Un juez de control dict\u00f3 la medida cautelar de prisi\u00f3n preventiva justificada por un a\u00f1o, dentro del proceso penal 27\/2024, en contra del exmando policial de Lerdo de Tejada.<\/p>\n\n\n\n<p>La Fiscal\u00eda General del Estado (FGE) inform\u00f3 avances en este caso ocurrido sobre la calle Luis Echeverr\u00eda, cuando el ahora imputado presuntamente particip\u00f3 en los hechos en los que perdiera la vida por disparo de arma de fuego la v\u00edctima identificada como Brando.<\/p>\n\n\n\n<p>Cabe recordar que un juez impuso la medida cautelar de prisi\u00f3n preventiva justificada por dos a\u00f1os a los cuatro polic\u00edas del municipio de Lerdo de Tejada, como presuntos responsables del asesinato del joven.<\/p>\n\n\n\n<p>Se trata de Jos\u00e9 Manuel \u201cN\u201d, \u00d3scar \u201cN\u201d, C\u00e9sar \u201cN\u201d y Rufino \u201cN\u201d, quienes fung\u00edan como polic\u00edas municipales en la mencionada ciudad, ubicada en la regi\u00f3n del Papaloapan, al sur de la entidad veracruzana.<\/p>\n\n\n\n<p>Esto lo confirm\u00f3 la Fiscal\u00eda General del Estado de Veracruz (FGE), encabezada por Ver\u00f3nica Hern\u00e1ndez Giad\u00e1ns, durante la tarde del pasado 22 de enero, a trav\u00e9s de un breve comunicado.<\/p>\n\n\n\n<h3 class=\"wp-block-heading\">LA EJECUCI\u00d3N EXTRAJUDICIAL<\/h3>\n\n\n\n<p>La tarde del 19 de enero, Brando conduc\u00eda su veh\u00edculo cuando los polic\u00edas municipales le marcaron el alto sin ninguna explicaci\u00f3n. El joven avis\u00f3 a su familia sobre esta situaci\u00f3n y se dirig\u00eda hacia la casa de su abuela, sobre la calle Luis Echeverr\u00eda.<\/p>\n\n\n\n<p>Lleg\u00f3 al domicilio, pero los elementos de seguridad se estacionaron atr\u00e1s del auto de Brando y le dispararon, caus\u00e1ndole la muerte de manera inmediata por la gravedad de las lesiones.<\/p>\n\n\n\n<p>En uno de los videos que difundieron los pobladores se observa c\u00f3mo el padre de Brando intenta reanimarlo moviendo sus mejillas y presionando la herida que tiene en la parte trasera del cuello. Entre l\u00e1grimas le pide a su hijo que sobreviva.<\/p>\n\n\n\n<p>Despu\u00e9s del crimen, los habitantes de Lerdo, enardecidos, usaron la fuerza para voltear la patrulla y as\u00ed someter a los elementos con fuertes golpes hasta dejarlos ensangrentados. Tambi\u00e9n incendiaron el Palacio Municipal.<\/p>\n\n\n\n<p>La gente exig\u00eda la presencia de la alcaldesa de Lerdo de Tejada, Mar\u00eda Esther Arroniz L\u00f3pez, para que presentara la denuncia formal en contra de los uniformados y fueran puestos a disposici\u00f3n de las instancias de justicia pertinentes.<\/p>\n\n\n\n<p>Sin embargo, la edil no dio la cara esa noche y despu\u00e9s de unas horas la Secretar\u00eda de Seguridad P\u00fablica de Veracruz (SSP), a cargo de Cuauht\u00e9moc Z\u00fa\u00f1iga Bonilla, inform\u00f3 que cuatro elementos operativos de la plantilla de la Polic\u00eda Municipal fueron puestos a disposici\u00f3n por esos hechos.<\/p>\n\n\n\n<p>El pueblo de Lerdo exige justicia y, ante la presunta ingobernabilidad, solicit\u00f3 la intervenci\u00f3n del Congreso del Estado de Veracruz para la desaparici\u00f3n de poderes y el nombramiento de un Concejo Ciudadano.<\/p>\n","protected":false},"excerpt":{"rendered":"<p>Juan Arcos Xalapa, Ver.- Hugo \u201cN\u201d, exdirector de la Polic\u00eda Municipal de Lerdo de Tejada, fue imputado como probable responsable de los delitos de homicidio, encubrimiento por favorecimiento, incumplimiento de un deber legal y contra la preservaci\u00f3n del lugar del hecho, en agravio del joven Brando de Jes\u00fas Arellano Cruz, quien fue asesinado por polic\u00edas [&hellip;]<\/p>\n","protected":false},"author":2476,"featured_media":53216,"comment_status":"open","ping_status":"open","sticky":false,"template":"","format":"standard","meta":{"_jetpack_memberships_contains_paid_content":false,"footnotes":""},"categories":[2],"tags":[],"class_list":["post-53215","post","type-post","status-publish","format-standard","has-post-thumbnail","hentry","category-estado"],"jetpack_featured_media_url":"https:\/\/encuentroinformativo.com.mx\/wp-content\/uploads\/2024\/04\/IMG_5906.jpg","jetpack_sharing_enabled":true,"jetpack_likes_enabled":true,"amp_enabled":true,"_links":{"self":[{"href":"https:\/\/encuentroinformativo.com.mx\/index.php?rest_route=\/wp\/v2\/posts\/53215","targetHints":{"allow":["GET"]}}],"collection":[{"href":"https:\/\/encuentroinformativo.com.mx\/index.php?rest_route=\/wp\/v2\/posts"}],"about":[{"href":"https:\/\/encuentroinformativo.com.mx\/index.php?rest_route=\/wp\/v2\/types\/post"}],"author":[{"embeddable":true,"href":"https:\/\/encuentroinformativo.com.mx\/index.php?rest_route=\/wp\/v2\/users\/2476"}],"replies":[{"embeddable":true,"href":"https:\/\/encuentroinformativo.com.mx\/index.php?rest_route=%2Fwp%2Fv2%2Fcomments&post=53215"}],"version-history":[{"count":1,"href":"https:\/\/encuentroinformativo.com.mx\/index.php?rest_route=\/wp\/v2\/posts\/53215\/revisions"}],"predecessor-version":[{"id":53217,"href":"https:\/\/encuentroinformativo.com.mx\/index.php?rest_route=\/wp\/v2\/posts\/53215\/revisions\/53217"}],"wp:featuredmedia":[{"embeddable":true,"href":"https:\/\/encuentroinformativo.com.mx\/index.php?rest_route=\/wp\/v2\/media\/53216"}],"wp:attachment":[{"href":"https:\/\/encuentroinformativo.com.mx\/index.php?rest_route=%2Fwp%2Fv2%2Fmedia&parent=53215"}],"wp:term":[{"taxonomy":"category","embeddable":true,"href":"https:\/\/encuentroinformativo.com.mx\/index.php?rest_route=%2Fwp%2Fv2%2Fcategories&post=53215"},{"taxonomy":"post_tag","embeddable":true,"href":"https:\/\/encuentroinformativo.com.mx\/index.php?rest_route=%2Fwp%2Fv2%2Ftags&post=53215"}],"curies":[{"name":"wp","href":"https:\/\/api.w.org\/{rel}","templated":true}]}}