{"id":53230,"date":"2024-04-13T13:49:01","date_gmt":"2024-04-13T19:49:01","guid":{"rendered":"https:\/\/encuentroinformativo.com.mx\/?p=53230"},"modified":"2024-04-13T13:49:06","modified_gmt":"2024-04-13T19:49:06","slug":"celebran-transportistas-regulacion-de-gruas-en-veracruz","status":"publish","type":"post","link":"https:\/\/encuentroinformativo.com.mx\/?p=53230","title":{"rendered":"Celebran transportistas regulaci\u00f3n de gr\u00faas en Veracruz"},"content":{"rendered":"\n<p><strong>Alejandro \u00c1vila<\/strong><\/p>\n\n\n\n<p>Alvarado, Ver.- El presidente del Movimiento Nacional del Transporte Multimodal, Carlos Sosa Madrazo, celebr\u00f3 que el Gobierno de Veracruz intente poner orden a las gr\u00faas con un reglamento, ya que es una demanda del sector, y por la que se hab\u00edan causado diversas manifestaciones.<\/p>\n\n\n\n<p>El l\u00edder transportista record\u00f3 que se pretende que el cobro de las gr\u00faas se haga directo a la Secretar\u00eda de Finanzas y Planeaci\u00f3n (SEFIPLAN), con lo cual se evitar\u00e1 los desfaces en pagos como ha sucedido en algunas regiones, donde incluso se cobra por kil\u00f3metro, situaci\u00f3n que ha provocado el descontento de los conductores, que deriva en manifestaciones y bloqueos.<\/p>\n\n\n\n<p>&#8220;En ese sentido, viene bien que el gobernador ya est\u00e9 haciendo algo por el cobro de las gr\u00faas. Esa es la continuidad que necesita el sector, necesitamos que se le d\u00e9 continuidad a cosas que en realidad afectan a un transportista, no es posible que por 28 kil\u00f3metros te cobren m\u00e1s de 30 o 40 mil pesos, y est\u00e1 cerca, y aqu\u00ed en la ciudad por 5 o 10 kil\u00f3metros, hasta 2 800 o 3 mil pesos&#8221;, se\u00f1al\u00f3.<\/p>\n\n\n\n<p>Finalmente y en otro tema, reconoci\u00f3 que el tramo carretero de las cumbres de Maltrata sigue siendo una zona de riesgo para los transportistas de carga, debido a los asaltos, por lo cual han recomendado a los conductores y a sus empresas que viajen en caravana.<\/p>\n","protected":false},"excerpt":{"rendered":"<p>Alejandro \u00c1vila Alvarado, Ver.- El presidente del Movimiento Nacional del Transporte Multimodal, Carlos Sosa Madrazo, celebr\u00f3 que el Gobierno de Veracruz intente poner orden a las gr\u00faas con un reglamento, ya que es una demanda del sector, y por la que se hab\u00edan causado diversas manifestaciones. El l\u00edder transportista record\u00f3 que se pretende que el [&hellip;]<\/p>\n","protected":false},"author":2476,"featured_media":53231,"comment_status":"open","ping_status":"open","sticky":false,"template":"","format":"standard","meta":{"_jetpack_memberships_contains_paid_content":false,"footnotes":""},"categories":[2],"tags":[],"class_list":["post-53230","post","type-post","status-publish","format-standard","has-post-thumbnail","hentry","category-estado"],"jetpack_featured_media_url":"https:\/\/encuentroinformativo.com.mx\/wp-content\/uploads\/2024\/04\/IMG-20240413-WA0017.jpg","jetpack_sharing_enabled":true,"jetpack_likes_enabled":true,"amp_enabled":true,"_links":{"self":[{"href":"https:\/\/encuentroinformativo.com.mx\/index.php?rest_route=\/wp\/v2\/posts\/53230","targetHints":{"allow":["GET"]}}],"collection":[{"href":"https:\/\/encuentroinformativo.com.mx\/index.php?rest_route=\/wp\/v2\/posts"}],"about":[{"href":"https:\/\/encuentroinformativo.com.mx\/index.php?rest_route=\/wp\/v2\/types\/post"}],"author":[{"embeddable":true,"href":"https:\/\/encuentroinformativo.com.mx\/index.php?rest_route=\/wp\/v2\/users\/2476"}],"replies":[{"embeddable":true,"href":"https:\/\/encuentroinformativo.com.mx\/index.php?rest_route=%2Fwp%2Fv2%2Fcomments&post=53230"}],"version-history":[{"count":1,"href":"https:\/\/encuentroinformativo.com.mx\/index.php?rest_route=\/wp\/v2\/posts\/53230\/revisions"}],"predecessor-version":[{"id":53232,"href":"https:\/\/encuentroinformativo.com.mx\/index.php?rest_route=\/wp\/v2\/posts\/53230\/revisions\/53232"}],"wp:featuredmedia":[{"embeddable":true,"href":"https:\/\/encuentroinformativo.com.mx\/index.php?rest_route=\/wp\/v2\/media\/53231"}],"wp:attachment":[{"href":"https:\/\/encuentroinformativo.com.mx\/index.php?rest_route=%2Fwp%2Fv2%2Fmedia&parent=53230"}],"wp:term":[{"taxonomy":"category","embeddable":true,"href":"https:\/\/encuentroinformativo.com.mx\/index.php?rest_route=%2Fwp%2Fv2%2Fcategories&post=53230"},{"taxonomy":"post_tag","embeddable":true,"href":"https:\/\/encuentroinformativo.com.mx\/index.php?rest_route=%2Fwp%2Fv2%2Ftags&post=53230"}],"curies":[{"name":"wp","href":"https:\/\/api.w.org\/{rel}","templated":true}]}}