{"id":53263,"date":"2024-04-15T11:30:40","date_gmt":"2024-04-15T17:30:40","guid":{"rendered":"https:\/\/encuentroinformativo.com.mx\/?p=53263"},"modified":"2024-04-15T11:30:46","modified_gmt":"2024-04-15T17:30:46","slug":"con-vestido-de-bandera-de-mexico-en-lentejuelas-se-presento-flor-bertotti-en-veracruz","status":"publish","type":"post","link":"https:\/\/encuentroinformativo.com.mx\/?p=53263","title":{"rendered":"Con vestido de bandera de M\u00e9xico en lentejuelas se present\u00f3 Flor Bertotti en Veracruz"},"content":{"rendered":"\n<p><strong>Alejandro \u00c1vila<\/strong><\/p>\n\n\n\n<p>Boca del R\u00edo, Ver.- La cantante argentina, Flor Bertotti, mostr\u00f3 un majestuoso vestido de lentejuelas con la bandera de M\u00e9xico; y as\u00ed inici\u00f3 una noche de alegr\u00eda y recuerdos en el World Trade Center de Boca del R\u00edo.<\/p>\n\n\n\n<p>La cantante mostr\u00f3 un vasto repertorio de canciones de su autor\u00eda, adem\u00e1s de \u00e9xitos musicales de las series y programas televisivos que protagoniz\u00f3, sobre todo el de &#8220;Floricienta&#8221;.<\/p>\n\n\n\n<p>Cerca de dos horas fueron las que la actriz, cantante, compositora y empresaria argentina dio todo en el escenario veracruzano donde cant\u00f3 varias canciones de su autor\u00eda, como \u201cHola qu\u00e9 tal\u201d, \u201cLa vida es hoy\u201d y \u201cQu\u00e9date conmigo\u201d, adem\u00e1s de cantar un par de \u201cNini\u201d, ficci\u00f3n que protagoniz\u00f3 en 2009 y, claro est\u00e1, muchos de los \u00e9xitos de \u201cFloricienta\u201d, la historia que la catapult\u00f3 a la fama internacional.<\/p>\n\n\n\n<p>Fue as\u00ed como Flor Bertotti se present\u00f3 en Veracruz acompa\u00f1ada de m\u00fasicos, bailarines, cambios de vestuario, interpretando sus \u00e9xitos que han acompa\u00f1ado a varias generaciones desde hace 20 a\u00f1os.<\/p>\n","protected":false},"excerpt":{"rendered":"<p>Alejandro \u00c1vila Boca del R\u00edo, Ver.- La cantante argentina, Flor Bertotti, mostr\u00f3 un majestuoso vestido de lentejuelas con la bandera de M\u00e9xico; y as\u00ed inici\u00f3 una noche de alegr\u00eda y recuerdos en el World Trade Center de Boca del R\u00edo. La cantante mostr\u00f3 un vasto repertorio de canciones de su autor\u00eda, adem\u00e1s de \u00e9xitos musicales [&hellip;]<\/p>\n","protected":false},"author":2476,"featured_media":53264,"comment_status":"open","ping_status":"open","sticky":false,"template":"","format":"standard","meta":{"_jetpack_memberships_contains_paid_content":false,"footnotes":""},"categories":[2],"tags":[],"class_list":["post-53263","post","type-post","status-publish","format-standard","has-post-thumbnail","hentry","category-estado"],"jetpack_featured_media_url":"https:\/\/encuentroinformativo.com.mx\/wp-content\/uploads\/2024\/04\/IMG-20240415-WA0017.jpg","jetpack_sharing_enabled":true,"jetpack_likes_enabled":true,"amp_enabled":true,"_links":{"self":[{"href":"https:\/\/encuentroinformativo.com.mx\/index.php?rest_route=\/wp\/v2\/posts\/53263","targetHints":{"allow":["GET"]}}],"collection":[{"href":"https:\/\/encuentroinformativo.com.mx\/index.php?rest_route=\/wp\/v2\/posts"}],"about":[{"href":"https:\/\/encuentroinformativo.com.mx\/index.php?rest_route=\/wp\/v2\/types\/post"}],"author":[{"embeddable":true,"href":"https:\/\/encuentroinformativo.com.mx\/index.php?rest_route=\/wp\/v2\/users\/2476"}],"replies":[{"embeddable":true,"href":"https:\/\/encuentroinformativo.com.mx\/index.php?rest_route=%2Fwp%2Fv2%2Fcomments&post=53263"}],"version-history":[{"count":1,"href":"https:\/\/encuentroinformativo.com.mx\/index.php?rest_route=\/wp\/v2\/posts\/53263\/revisions"}],"predecessor-version":[{"id":53265,"href":"https:\/\/encuentroinformativo.com.mx\/index.php?rest_route=\/wp\/v2\/posts\/53263\/revisions\/53265"}],"wp:featuredmedia":[{"embeddable":true,"href":"https:\/\/encuentroinformativo.com.mx\/index.php?rest_route=\/wp\/v2\/media\/53264"}],"wp:attachment":[{"href":"https:\/\/encuentroinformativo.com.mx\/index.php?rest_route=%2Fwp%2Fv2%2Fmedia&parent=53263"}],"wp:term":[{"taxonomy":"category","embeddable":true,"href":"https:\/\/encuentroinformativo.com.mx\/index.php?rest_route=%2Fwp%2Fv2%2Fcategories&post=53263"},{"taxonomy":"post_tag","embeddable":true,"href":"https:\/\/encuentroinformativo.com.mx\/index.php?rest_route=%2Fwp%2Fv2%2Ftags&post=53263"}],"curies":[{"name":"wp","href":"https:\/\/api.w.org\/{rel}","templated":true}]}}