{"id":53269,"date":"2024-04-15T13:48:34","date_gmt":"2024-04-15T19:48:34","guid":{"rendered":"https:\/\/encuentroinformativo.com.mx\/?p=53269"},"modified":"2024-04-15T13:48:39","modified_gmt":"2024-04-15T19:48:39","slug":"con-protesta-extrabajadores-de-juchique-reclaman-pago-de-laudos","status":"publish","type":"post","link":"https:\/\/encuentroinformativo.com.mx\/?p=53269","title":{"rendered":"Con protesta, extrabajadores de Juchique reclaman pago de laudos"},"content":{"rendered":"\n<p><strong>Juan Arcos <\/strong><\/p>\n\n\n\n<p>Xalapa, Ver.- Extrabajadores del ayuntamiento de Juchique de Ferrer protestaron y bloquearon el centro de Xalapa para exigir el cumplimiento de un laudo laboral que lleva m\u00e1s de 12 a\u00f1os sin ser resuelto.<\/p>\n\n\n\n<p>La ma\u00f1ana de este lunes 15 de abril, los quejosos cerraron la calle Juan de la Luz Enr\u00edquez, ocasionando un gran caos vial en la zona centro de la capital veracruzana.<\/p>\n\n\n\n<p>El apoderado legal de los afectados, El\u00edas Andr\u00e9s P\u00e9rez Mixtega, indic\u00f3 que se han aplicado multas al ayuntamiento por no resolver el asunto, pero son m\u00ednimas.<\/p>\n\n\n\n<p>\u201cNo ha dado cumplimiento (ayuntamiento), pese a existir \u00f3rdenes de arresto, auxilio de la fuerza p\u00fablica, ya ahorita se tiene en el juzgado federal la vista al MP federal para que haga la investigaci\u00f3n y la carpeta de investigaci\u00f3n por el posible delito de incumplimiento de una sentencia, y pese a ello el ayuntamiento no ha dado cumplimiento, las \u00faltimas diligencias nos han cerrado el Ayuntamiento\u201d.<\/p>\n\n\n\n<p>Se trata de 66 afectados, a quienes adeudan cerca de 38 millones 850 mil pesos, debido a que fueron despedidos injustificadamente.<\/p>\n\n\n\n<p>\u201cEsto no implica que en este expediente no se han derivado otros, porque en este expediente fueron reinstalados, maliciosamente luego fueron despedidos, volvimos a demandar y las nuevas demandas tambi\u00e9n ya se encuentran ganadas, estamos en el aspecto ya de que se encuentren firmes para volver a ejecutar\u201d.<\/p>\n\n\n\n<p>El entrevistado mencion\u00f3 que las autoridades locales no dan la cara ni cumplen con la sentencia y por ello se pide la intervenci\u00f3n del gobernador Cuitl\u00e1huac Garc\u00eda Jim\u00e9nez y del presidente de la Rep\u00fablica, Andr\u00e9s Manuel L\u00f3pez Obrador.<\/p>\n\n\n\n<p>\u201cEl alcalde no dice nada, autom\u00e1ticamente se esconde, no da la cara, inclusive aqu\u00ed puedo mostrar que en fecha 22 de marzo de 2024 fui citado por el se\u00f1or Rogelio Hern\u00e1ndez Portilla para una conciliaci\u00f3n sin que llegara nadie por parte del Ayuntamiento y los multaron con lo m\u00ednimo, 542 pesos. Las multas son m\u00ednimas y eso no garantiza que se cumpla con una resoluci\u00f3n que es en favor de los trabajadores\u201d, enfatiz\u00f3.<\/p>\n\n\n\n<p>Los trabajadores ganaron un laudo que consta en el expediente n\u00famero 83-2011, radicado en el Tribunal de Conciliaci\u00f3n y Arbitraje.<\/p>\n","protected":false},"excerpt":{"rendered":"<p>Juan Arcos Xalapa, Ver.- Extrabajadores del ayuntamiento de Juchique de Ferrer protestaron y bloquearon el centro de Xalapa para exigir el cumplimiento de un laudo laboral que lleva m\u00e1s de 12 a\u00f1os sin ser resuelto. La ma\u00f1ana de este lunes 15 de abril, los quejosos cerraron la calle Juan de la Luz Enr\u00edquez, ocasionando un [&hellip;]<\/p>\n","protected":false},"author":2476,"featured_media":53270,"comment_status":"open","ping_status":"open","sticky":false,"template":"","format":"standard","meta":{"_jetpack_memberships_contains_paid_content":false,"footnotes":""},"categories":[2],"tags":[],"class_list":["post-53269","post","type-post","status-publish","format-standard","has-post-thumbnail","hentry","category-estado"],"jetpack_featured_media_url":"https:\/\/encuentroinformativo.com.mx\/wp-content\/uploads\/2024\/04\/d963ed79-adb3-413a-a9b7-99df7b959135.jpg","jetpack_sharing_enabled":true,"jetpack_likes_enabled":true,"amp_enabled":true,"_links":{"self":[{"href":"https:\/\/encuentroinformativo.com.mx\/index.php?rest_route=\/wp\/v2\/posts\/53269","targetHints":{"allow":["GET"]}}],"collection":[{"href":"https:\/\/encuentroinformativo.com.mx\/index.php?rest_route=\/wp\/v2\/posts"}],"about":[{"href":"https:\/\/encuentroinformativo.com.mx\/index.php?rest_route=\/wp\/v2\/types\/post"}],"author":[{"embeddable":true,"href":"https:\/\/encuentroinformativo.com.mx\/index.php?rest_route=\/wp\/v2\/users\/2476"}],"replies":[{"embeddable":true,"href":"https:\/\/encuentroinformativo.com.mx\/index.php?rest_route=%2Fwp%2Fv2%2Fcomments&post=53269"}],"version-history":[{"count":1,"href":"https:\/\/encuentroinformativo.com.mx\/index.php?rest_route=\/wp\/v2\/posts\/53269\/revisions"}],"predecessor-version":[{"id":53271,"href":"https:\/\/encuentroinformativo.com.mx\/index.php?rest_route=\/wp\/v2\/posts\/53269\/revisions\/53271"}],"wp:featuredmedia":[{"embeddable":true,"href":"https:\/\/encuentroinformativo.com.mx\/index.php?rest_route=\/wp\/v2\/media\/53270"}],"wp:attachment":[{"href":"https:\/\/encuentroinformativo.com.mx\/index.php?rest_route=%2Fwp%2Fv2%2Fmedia&parent=53269"}],"wp:term":[{"taxonomy":"category","embeddable":true,"href":"https:\/\/encuentroinformativo.com.mx\/index.php?rest_route=%2Fwp%2Fv2%2Fcategories&post=53269"},{"taxonomy":"post_tag","embeddable":true,"href":"https:\/\/encuentroinformativo.com.mx\/index.php?rest_route=%2Fwp%2Fv2%2Ftags&post=53269"}],"curies":[{"name":"wp","href":"https:\/\/api.w.org\/{rel}","templated":true}]}}