{"id":53272,"date":"2024-04-15T14:04:22","date_gmt":"2024-04-15T20:04:22","guid":{"rendered":"https:\/\/encuentroinformativo.com.mx\/?p=53272"},"modified":"2024-04-15T14:04:31","modified_gmt":"2024-04-15T20:04:31","slug":"ruben-blades-y-oscar-de-leon-encabeza-en-cartelera-de-salsa-fest-2024","status":"publish","type":"post","link":"https:\/\/encuentroinformativo.com.mx\/?p=53272","title":{"rendered":"Rub\u00e9n Blades y Oscar de Le\u00f3n encabeza en cartelera de Salsa Fest 2024"},"content":{"rendered":"\n<p><strong>Alejandro \u00c1vila<\/strong><\/p>\n\n\n\n<p>Boca del R\u00edo, Ver.- El secretario de Turismo, Iv\u00e1n Francisco Mart\u00ednez Olvera, anunci\u00f3 en el World Trade Center de Boca del R\u00edo la cartelera del Salsa Fest 2024, que se llevar\u00e1 a cabo del 13 al 15 de junio en el bulevar Vicente Fox.<\/p>\n\n\n\n<p>El jueves 13 de junio se presentar\u00e1n, Danny Daniel, V\u00edctor Manuelle y Rub\u00e9n Blades; el viernes 14 de junio, Tromboranga, Orquesta Guayac\u00e1n y la Sonora Carruseles; el s\u00e1bado 15 de junio, Elito Rev\u00e9, \u00d3scar de Le\u00f3n y Quinteto Acarey; cada uno de los d\u00edas tiene un artista sorpresa, los cuales ser\u00e1n revelado en pr\u00f3ximos d\u00edas.<\/p>\n\n\n\n<p>Se presume que dos de esos artistas sorpresa ya han sido firmados, uno de ellos es la puertorrique\u00f1a Olga Ta\u00f1\u00f3n, y el otro, Willie Col\u00f3n.<\/p>\n\n\n\n<p>Iv\u00e1n Mart\u00ednez Olvera dijo que en la edici\u00f3n 2023 se tuvo la asistencia de m\u00e1s de 427 mil asistentes en los 3 d\u00edas de Festival; lo cual dej\u00f3 una derrama econ\u00f3mica de m\u00e1s de 633 millones de pesos.<\/p>\n\n\n\n<p>Adem\u00e1s se tuvo la visita de personas de m\u00e1s de 30 estados de la rep\u00fablica mexicana y de 12 pa\u00edses, entre los que destacan, Alemania, Venezuela, Puerto Rico, Espa\u00f1a, Colombia, Costa Rica, Francia, Marruecos, entre otros.<\/p>\n\n\n\n<p>&#8220;Se ha convertido el Salsa Fest en Veracruz, en Boca del R\u00edo, en el Festival de la Salsa m\u00e1s grande del mundo. Estos resultados se dan gracias a la colaboraci\u00f3n de todas y todos, a la asistencia, al orgullo que tenemos por ser veracruzanos y por hacer las cosas bien hechas (\u2026) espero que este a\u00f1o con la colaboraci\u00f3n de todas y todos, volvamos a romper los r\u00e9cords marcados el a\u00f1o pasado&#8221;, sentenci\u00f3.<\/p>\n","protected":false},"excerpt":{"rendered":"<p>Alejandro \u00c1vila Boca del R\u00edo, Ver.- El secretario de Turismo, Iv\u00e1n Francisco Mart\u00ednez Olvera, anunci\u00f3 en el World Trade Center de Boca del R\u00edo la cartelera del Salsa Fest 2024, que se llevar\u00e1 a cabo del 13 al 15 de junio en el bulevar Vicente Fox. El jueves 13 de junio se presentar\u00e1n, Danny Daniel, [&hellip;]<\/p>\n","protected":false},"author":2476,"featured_media":53273,"comment_status":"open","ping_status":"open","sticky":false,"template":"","format":"standard","meta":{"_jetpack_memberships_contains_paid_content":false,"footnotes":""},"categories":[2],"tags":[],"class_list":["post-53272","post","type-post","status-publish","format-standard","has-post-thumbnail","hentry","category-estado"],"jetpack_featured_media_url":"https:\/\/encuentroinformativo.com.mx\/wp-content\/uploads\/2024\/04\/IMG-20240415-WA0051-scaled.jpg","jetpack_sharing_enabled":true,"jetpack_likes_enabled":true,"amp_enabled":true,"_links":{"self":[{"href":"https:\/\/encuentroinformativo.com.mx\/index.php?rest_route=\/wp\/v2\/posts\/53272","targetHints":{"allow":["GET"]}}],"collection":[{"href":"https:\/\/encuentroinformativo.com.mx\/index.php?rest_route=\/wp\/v2\/posts"}],"about":[{"href":"https:\/\/encuentroinformativo.com.mx\/index.php?rest_route=\/wp\/v2\/types\/post"}],"author":[{"embeddable":true,"href":"https:\/\/encuentroinformativo.com.mx\/index.php?rest_route=\/wp\/v2\/users\/2476"}],"replies":[{"embeddable":true,"href":"https:\/\/encuentroinformativo.com.mx\/index.php?rest_route=%2Fwp%2Fv2%2Fcomments&post=53272"}],"version-history":[{"count":1,"href":"https:\/\/encuentroinformativo.com.mx\/index.php?rest_route=\/wp\/v2\/posts\/53272\/revisions"}],"predecessor-version":[{"id":53274,"href":"https:\/\/encuentroinformativo.com.mx\/index.php?rest_route=\/wp\/v2\/posts\/53272\/revisions\/53274"}],"wp:featuredmedia":[{"embeddable":true,"href":"https:\/\/encuentroinformativo.com.mx\/index.php?rest_route=\/wp\/v2\/media\/53273"}],"wp:attachment":[{"href":"https:\/\/encuentroinformativo.com.mx\/index.php?rest_route=%2Fwp%2Fv2%2Fmedia&parent=53272"}],"wp:term":[{"taxonomy":"category","embeddable":true,"href":"https:\/\/encuentroinformativo.com.mx\/index.php?rest_route=%2Fwp%2Fv2%2Fcategories&post=53272"},{"taxonomy":"post_tag","embeddable":true,"href":"https:\/\/encuentroinformativo.com.mx\/index.php?rest_route=%2Fwp%2Fv2%2Ftags&post=53272"}],"curies":[{"name":"wp","href":"https:\/\/api.w.org\/{rel}","templated":true}]}}