{"id":53275,"date":"2024-04-15T14:09:13","date_gmt":"2024-04-15T20:09:13","guid":{"rendered":"https:\/\/encuentroinformativo.com.mx\/?p=53275"},"modified":"2024-04-15T14:09:21","modified_gmt":"2024-04-15T20:09:21","slug":"se-reunira-gobernador-con-empresarios-interesados-en-traer-futbol-a-veracruz","status":"publish","type":"post","link":"https:\/\/encuentroinformativo.com.mx\/?p=53275","title":{"rendered":"Se reunir\u00e1  gobernador con empresarios interesados en traer f\u00fatbol a Veracruz"},"content":{"rendered":"\n<p><strong>Alejandro \u00c1vila<\/strong><\/p>\n\n\n\n<p>Boca del R\u00edo, Ver.- El gobernador, Cuitl\u00e1huac Garc\u00eda Jim\u00e9nez, confirm\u00f3 que este martes sostendr\u00e1 una reuni\u00f3n con los empresarios que buscan traer una franquicia de f\u00fatbol al Estado de Veracruz, con la finalidad de conocer cuales son los avances para que en pr\u00f3ximas fechas haya f\u00fatbol profesional en la entidad.<\/p>\n\n\n\n<p>&#8220;Decirles que el d\u00eda de ma\u00f1ana platico con el empresario que est\u00e1 con ese inter\u00e9s y ya les informar\u00e9 como va, al menos ya tendr\u00e9 m\u00e1s noticias sobre todo esto&#8221;, coment\u00f3<\/p>\n\n\n\n<p>Cuitl\u00e1huac Garc\u00eda mencion\u00f3 que la primera etapa de la rehabilitaci\u00f3n del estadio ya qued\u00f3 concluida, y acaba de iniciar la segunda etapa, misma que contempla los Palcos VIP en la parte superior del inmueble, as\u00ed como la rehabilitaci\u00f3n total del campo de juego.<\/p>\n\n\n\n<p>Mientras que de la tercera etapa dijo que a\u00fan no se licita, pero en pr\u00f3ximas fechas quedar\u00e1 solucionado ese tema, ah\u00ed se contempla todo el recubrimiento del estadio y el estacionamiento.<\/p>\n\n\n\n<p>&#8220;El estadio podr\u00e1 ser utilizado desde la conclusi\u00f3n de la segunda etapa, vamos a aprovechar un poco el tiempo y tambi\u00e9n vamos a traslapar el inicio de la tercera con la conclusi\u00f3n de la segunda etapa para ganar tiempo, y antes de que su servidor termine su sexenio se puede entregar totalmente listo&#8221;, culmin\u00f3.<\/p>\n","protected":false},"excerpt":{"rendered":"<p>Alejandro \u00c1vila Boca del R\u00edo, Ver.- El gobernador, Cuitl\u00e1huac Garc\u00eda Jim\u00e9nez, confirm\u00f3 que este martes sostendr\u00e1 una reuni\u00f3n con los empresarios que buscan traer una franquicia de f\u00fatbol al Estado de Veracruz, con la finalidad de conocer cuales son los avances para que en pr\u00f3ximas fechas haya f\u00fatbol profesional en la entidad. &#8220;Decirles que el [&hellip;]<\/p>\n","protected":false},"author":2476,"featured_media":53276,"comment_status":"open","ping_status":"open","sticky":false,"template":"","format":"standard","meta":{"_jetpack_memberships_contains_paid_content":false,"footnotes":""},"categories":[2],"tags":[],"class_list":["post-53275","post","type-post","status-publish","format-standard","has-post-thumbnail","hentry","category-estado"],"jetpack_featured_media_url":"https:\/\/encuentroinformativo.com.mx\/wp-content\/uploads\/2024\/04\/IMG-20240415-WA00672-scaled.jpg","jetpack_sharing_enabled":true,"jetpack_likes_enabled":true,"amp_enabled":true,"_links":{"self":[{"href":"https:\/\/encuentroinformativo.com.mx\/index.php?rest_route=\/wp\/v2\/posts\/53275","targetHints":{"allow":["GET"]}}],"collection":[{"href":"https:\/\/encuentroinformativo.com.mx\/index.php?rest_route=\/wp\/v2\/posts"}],"about":[{"href":"https:\/\/encuentroinformativo.com.mx\/index.php?rest_route=\/wp\/v2\/types\/post"}],"author":[{"embeddable":true,"href":"https:\/\/encuentroinformativo.com.mx\/index.php?rest_route=\/wp\/v2\/users\/2476"}],"replies":[{"embeddable":true,"href":"https:\/\/encuentroinformativo.com.mx\/index.php?rest_route=%2Fwp%2Fv2%2Fcomments&post=53275"}],"version-history":[{"count":1,"href":"https:\/\/encuentroinformativo.com.mx\/index.php?rest_route=\/wp\/v2\/posts\/53275\/revisions"}],"predecessor-version":[{"id":53277,"href":"https:\/\/encuentroinformativo.com.mx\/index.php?rest_route=\/wp\/v2\/posts\/53275\/revisions\/53277"}],"wp:featuredmedia":[{"embeddable":true,"href":"https:\/\/encuentroinformativo.com.mx\/index.php?rest_route=\/wp\/v2\/media\/53276"}],"wp:attachment":[{"href":"https:\/\/encuentroinformativo.com.mx\/index.php?rest_route=%2Fwp%2Fv2%2Fmedia&parent=53275"}],"wp:term":[{"taxonomy":"category","embeddable":true,"href":"https:\/\/encuentroinformativo.com.mx\/index.php?rest_route=%2Fwp%2Fv2%2Fcategories&post=53275"},{"taxonomy":"post_tag","embeddable":true,"href":"https:\/\/encuentroinformativo.com.mx\/index.php?rest_route=%2Fwp%2Fv2%2Ftags&post=53275"}],"curies":[{"name":"wp","href":"https:\/\/api.w.org\/{rel}","templated":true}]}}