{"id":53280,"date":"2024-04-15T21:09:46","date_gmt":"2024-04-16T03:09:46","guid":{"rendered":"https:\/\/encuentroinformativo.com.mx\/?p=53280"},"modified":"2024-04-15T21:09:51","modified_gmt":"2024-04-16T03:09:51","slug":"rescatara-pepe-dignidad-del-magisterio-americo-zuniga","status":"publish","type":"post","link":"https:\/\/encuentroinformativo.com.mx\/?p=53280","title":{"rendered":"Rescatar\u00e1 Pepe dignidad del magisterio: Am\u00e9rico Z\u00fa\u00f1iga"},"content":{"rendered":"\n<p>Xalapa, Ver.- Morena abandon\u00f3 la pol\u00edtica educativa en Veracruz, adem\u00e1s le ha faltado el respeto a maestras y maestros, fustig\u00f3 Am\u00e9rico Z\u00fa\u00f1iga Mart\u00ednez, candidato a la diputaci\u00f3n federal por Xalapa por la coalici\u00f3n Fuerza y Coraz\u00f3n por M\u00e9xico.<\/p>\n\n\n\n<p>Al acompa\u00f1ar a Jos\u00e9 Francisco Yunes Zorrilla a un encuentro con trabajadores de la educaci\u00f3n y con la asociaci\u00f3n pol\u00edtica Concertaci\u00f3n Veracruzana y luego con el Sutsem, dijo que Pepe Yunes ser\u00e1 un gobernador de verdad que rescatar\u00e1 la dignidad de todos los trabajadores al servicio del magisterio.<\/p>\n\n\n\n<p>&#8220;Los acosos, las amenazas, las &#8216;auditor\u00edas&#8217; ilegales a lo que publican en redes sociales, esta obligaci\u00f3n inmoral e ilegal para que los trabajadores al servicio de Veracruz acudan a marchas, a eventos, contra su voluntad, para tratar de dar la idea artificial de que se tiene un apoyo inexistente, eso, en el gobierno del gobernador Pepe Yunes va a acabar&#8221;.<\/p>\n\n\n\n<p>Con relaci\u00f3n al Sutsem, destac\u00f3 que tras m\u00e1s de 30 a\u00f1os de existencia es ejemplo estatal de la lucha sindical y la defensa de los derechos de los trabajadores.<\/p>\n\n\n\n<p>Al indicar que se encuentra contento de formar parte de esta lucha, Am\u00e9rico Z\u00fa\u00f1iga expuso que el pr\u00f3ximo gobernador s\u00ed sabe la diferencia entre la laguna de Catemaco y el Golfo de M\u00e9xico, que Oluta no tiene r\u00edo, que conozca que no son 202, sino 212 municipios, que no vaya a Atzalan a prometer una carretera hasta Tlalixcoyan y que conozca que los alcaldes no llevan los nombres de los municipios.<\/p>\n\n\n\n<p>&#8220;Eso lo hace una persona que d\u00eda con d\u00eda nos recuerda que no es oriunda de Veracruz, que es de Zacatecas, que no tiene ninguna identidad, conocimiento geogr\u00e1fico de Veracruz, ni mucho menos conocimiento real, f\u00edsico, pol\u00edtico, social y econ\u00f3mico con Veracruz&#8221;.<\/p>\n\n\n\n<p>Por ello, el candidato a la diputaci\u00f3n federal por Xalapa, se\u00f1al\u00f3 que esta campa\u00f1a no se basar\u00e1 en ese tipo de errores, sino en una reflexi\u00f3n clara de tener a un hombre decente, inteligente, serio, preparado y much\u00edsimo m\u00e1s brillante, &#8220;que la caricatura de gobernador que tenemos hoy en d\u00eda al frente de las instituciones de Veracruz, vamos a tener un verdadero gobernador y un gobierno de verdad que se preocupe por las necesidades de los veracruzanos&#8221;.<\/p>\n\n\n\n<p>En ese sentido, manifest\u00f3 que desde la C\u00e1mara de Diputados trabajar\u00e1 hombro a hombro con el gobierno de Pepe Yunes y de X\u00f3chitl G\u00e1lvez y har\u00e1 equipo con los pr\u00f3ximos senadores Miguel Yunes M\u00e1rquez y Sara Ladr\u00f3n de Guevara.<\/p>\n\n\n\n<p>Finalmente, exhort\u00f3 a los trabajadores de la educaci\u00f3n a trabajar en equipo para revisar los temas que los afectan.<\/p>\n\n\n\n<p>&#8220;Vamos por las causas, la causa se llama Veracruz, la causa se llama educaci\u00f3n, la \u00fanica revoluci\u00f3n silenciosa que va a sacar adelante a M\u00e9xico es la educaci\u00f3n y la \u00fanica revoluci\u00f3n silenciosa que va a ser a Pepe Yunes, a X\u00f3chitl G\u00e1lvez, a Miguel y a Sara senadores y a su amigo Am\u00e9rico Z\u00fa\u00f1iga ser\u00e1 la revoluci\u00f3n de los trabajadores al servicio del Estado, a favor de la justicia, a favor de sus derechos y a favor de la verdad, por eso queremos un gobernador de verdad, Pepe Yunes, pr\u00f3ximo gobernador de Veracruz&#8221;.<\/p>\n","protected":false},"excerpt":{"rendered":"<p>Xalapa, Ver.- Morena abandon\u00f3 la pol\u00edtica educativa en Veracruz, adem\u00e1s le ha faltado el respeto a maestras y maestros, fustig\u00f3 Am\u00e9rico Z\u00fa\u00f1iga Mart\u00ednez, candidato a la diputaci\u00f3n federal por Xalapa por la coalici\u00f3n Fuerza y Coraz\u00f3n por M\u00e9xico. Al acompa\u00f1ar a Jos\u00e9 Francisco Yunes Zorrilla a un encuentro con trabajadores de la educaci\u00f3n y con [&hellip;]<\/p>\n","protected":false},"author":2476,"featured_media":53281,"comment_status":"open","ping_status":"open","sticky":false,"template":"","format":"standard","meta":{"_jetpack_memberships_contains_paid_content":false,"footnotes":""},"categories":[3],"tags":[],"class_list":["post-53280","post","type-post","status-publish","format-standard","has-post-thumbnail","hentry","category-xalapa"],"jetpack_featured_media_url":"https:\/\/encuentroinformativo.com.mx\/wp-content\/uploads\/2024\/04\/IMG-20240415-WA00972-scaled.jpg","jetpack_sharing_enabled":true,"jetpack_likes_enabled":true,"amp_enabled":true,"_links":{"self":[{"href":"https:\/\/encuentroinformativo.com.mx\/index.php?rest_route=\/wp\/v2\/posts\/53280","targetHints":{"allow":["GET"]}}],"collection":[{"href":"https:\/\/encuentroinformativo.com.mx\/index.php?rest_route=\/wp\/v2\/posts"}],"about":[{"href":"https:\/\/encuentroinformativo.com.mx\/index.php?rest_route=\/wp\/v2\/types\/post"}],"author":[{"embeddable":true,"href":"https:\/\/encuentroinformativo.com.mx\/index.php?rest_route=\/wp\/v2\/users\/2476"}],"replies":[{"embeddable":true,"href":"https:\/\/encuentroinformativo.com.mx\/index.php?rest_route=%2Fwp%2Fv2%2Fcomments&post=53280"}],"version-history":[{"count":1,"href":"https:\/\/encuentroinformativo.com.mx\/index.php?rest_route=\/wp\/v2\/posts\/53280\/revisions"}],"predecessor-version":[{"id":53282,"href":"https:\/\/encuentroinformativo.com.mx\/index.php?rest_route=\/wp\/v2\/posts\/53280\/revisions\/53282"}],"wp:featuredmedia":[{"embeddable":true,"href":"https:\/\/encuentroinformativo.com.mx\/index.php?rest_route=\/wp\/v2\/media\/53281"}],"wp:attachment":[{"href":"https:\/\/encuentroinformativo.com.mx\/index.php?rest_route=%2Fwp%2Fv2%2Fmedia&parent=53280"}],"wp:term":[{"taxonomy":"category","embeddable":true,"href":"https:\/\/encuentroinformativo.com.mx\/index.php?rest_route=%2Fwp%2Fv2%2Fcategories&post=53280"},{"taxonomy":"post_tag","embeddable":true,"href":"https:\/\/encuentroinformativo.com.mx\/index.php?rest_route=%2Fwp%2Fv2%2Ftags&post=53280"}],"curies":[{"name":"wp","href":"https:\/\/api.w.org\/{rel}","templated":true}]}}