{"id":53283,"date":"2024-04-15T21:29:35","date_gmt":"2024-04-16T03:29:35","guid":{"rendered":"https:\/\/encuentroinformativo.com.mx\/?p=53283"},"modified":"2024-04-15T21:29:41","modified_gmt":"2024-04-16T03:29:41","slug":"magisterio-ahora-vive-en-riesgo-pepe-yunes","status":"publish","type":"post","link":"https:\/\/encuentroinformativo.com.mx\/?p=53283","title":{"rendered":"Magisterio ahora vive en riesgo: Pepe Yunes"},"content":{"rendered":"\n<p><strong>Dar\u00edo Pale <\/strong><\/p>\n\n\n\n<p>Xalapa, Ver.- Maestros quedaron a merced del crimen, cada vez es m\u00e1s riesgoso que salgan a trabajar, as\u00ed lo dio a conocer el candidato a la gubernatura de Veracruz, por la coalici\u00f3n Fuerza y Coraz\u00f3n por Veracruz, Jos\u00e9 Francisco Yunes Zorrilla.<\/p>\n\n\n\n<p>En su mensaje durante la reuni\u00f3n con maestros, se\u00f1al\u00f3 que por la ineptitud en materia de seguridad del gobierno de Cuitl\u00e1huac Garc\u00eda Jim\u00e9nez, cada vez es m\u00e1s riesgoso para los maestros salir a las distintas zonas del Estado.\u00a0<\/p>\n\n\n\n<p>\u201cEmpecemos a pensar en las maestras y los maestros que, cada d\u00eda vemos mucho m\u00e1s riesgoso salir a las zonas remotas de la geograf\u00eda veracruzana porque no tienen condiciones y garant\u00edas para poder cumplir su trabajo, entonces \u00bfqu\u00e9 hace el Gobierno?\u201d, cuestion\u00f3.\u00a0<\/p>\n\n\n\n<p>Durante una reuni\u00f3n con maestros agremiados al Sindicato de Empleados al Servicio de la Secretar\u00eda de Educaci\u00f3n de Veracruz (SESSEV), resalt\u00f3 que esto lo saben los maestros, pero tambi\u00e9n lo saben los doctores, las doctoras, a quienes dejaron a mercede del hampa, a merced del crimen.\u00a0<\/p>\n\n\n\n<p>Ah\u00ed, reiter\u00f3 que el Estado est\u00e1 abandonado en materia econ\u00f3mica, no se ha generado una sola mejora regulatoria, no se han canalizado recursos para que los j\u00f3venes puedan crecer y realizarse.\u00a0<\/p>\n\n\n\n<p>A los trabajadores de la educaci\u00f3n les dijo que Veracruz ha tenido m\u00e1s de cinco a\u00f1os de la peor experiencia de Gobierno de su historia, una administraci\u00f3n mala para gobernar y no muy buena para encontrar pretextos, pero que los busca para no dar resultados.\u00a0<\/p>\n\n\n\n<p>Asever\u00f3 que se extra\u00f1an gestiones como las de Jorge Uscanga Escobar, as\u00ed como los servicios que ha dado a este estado en sus distintos encargos, lo mismo que Denisse Uscanga, una apasionada y conocedora del sistema educativo mexicano.\u00a0<\/p>\n\n\n\n<p>Record\u00f3 que ella lament\u00f3 este domingo la acelerada deserci\u00f3n escolar que se refleja en Veracruz, lo cual se debe a que los j\u00f3venes no encuentran un sentido para estudiar aqu\u00ed o tienen que ponerse a trabajar antes que a estudiar.\u00a0<\/p>\n\n\n\n<p>\u201cEn cualquiera de los dos escenarios queda claro que Veracruz no va al ritmo que le est\u00e1 demandando sus sociedades, su gente y eso se tiene que corregir y por eso nos estamos presentando. Un reconocimiento a la familia del SESSEV\u201d, expres\u00f3.\u00a0<\/p>\n\n\n\n<p>En ese orden de ideas, Pepe Yunes se\u00f1al\u00f3 que este estado no forma parte de las prioridades del gobierno Federal y es que en casi seis a\u00f1os, la Entidad no fue destino de recursos extraordinarios.\u00a0<\/p>\n\n\n\n<p>Mencion\u00f3 que lo que m\u00e1s se logr\u00f3 fue que se destinaran recursos para el proyecto del Istmo de Tehuantepec, pero el 80 por ciento de esos recursos se quedaron en Salina Cruz, Oaxaca, no en Veracruz.\u00a0<\/p>\n\n\n\n<p>A\u00f1adi\u00f3 que la disminuci\u00f3n de las tarifas de energ\u00eda el\u00e9ctrica se qued\u00f3 en Tabasco, lo mismo que la refiner\u00eda de Dos Bocas.\u00a0<\/p>\n\n\n\n<p>Finalmente los cuestion\u00f3, \u201csi hacemos un esfuerzo objetivo, m\u00e1s all\u00e1 del proceso electoral, si hacemos un esfuerzo de an\u00e1lisis digan qu\u00e9 recibi\u00f3 Veracruz del gobierno Federal en estos cinco a\u00f1os y medio, que los programas federales, que est\u00e1n en todo el pa\u00eds\u201d.<\/p>\n","protected":false},"excerpt":{"rendered":"<p>Dar\u00edo Pale Xalapa, Ver.- Maestros quedaron a merced del crimen, cada vez es m\u00e1s riesgoso que salgan a trabajar, as\u00ed lo dio a conocer el candidato a la gubernatura de Veracruz, por la coalici\u00f3n Fuerza y Coraz\u00f3n por Veracruz, Jos\u00e9 Francisco Yunes Zorrilla. En su mensaje durante la reuni\u00f3n con maestros, se\u00f1al\u00f3 que por la [&hellip;]<\/p>\n","protected":false},"author":2476,"featured_media":53285,"comment_status":"open","ping_status":"open","sticky":false,"template":"","format":"standard","meta":{"_jetpack_memberships_contains_paid_content":false,"footnotes":""},"categories":[2],"tags":[],"class_list":["post-53283","post","type-post","status-publish","format-standard","has-post-thumbnail","hentry","category-estado"],"jetpack_featured_media_url":"https:\/\/encuentroinformativo.com.mx\/wp-content\/uploads\/2024\/04\/FB_IMG_1713237582584.jpg","jetpack_sharing_enabled":true,"jetpack_likes_enabled":true,"amp_enabled":true,"_links":{"self":[{"href":"https:\/\/encuentroinformativo.com.mx\/index.php?rest_route=\/wp\/v2\/posts\/53283","targetHints":{"allow":["GET"]}}],"collection":[{"href":"https:\/\/encuentroinformativo.com.mx\/index.php?rest_route=\/wp\/v2\/posts"}],"about":[{"href":"https:\/\/encuentroinformativo.com.mx\/index.php?rest_route=\/wp\/v2\/types\/post"}],"author":[{"embeddable":true,"href":"https:\/\/encuentroinformativo.com.mx\/index.php?rest_route=\/wp\/v2\/users\/2476"}],"replies":[{"embeddable":true,"href":"https:\/\/encuentroinformativo.com.mx\/index.php?rest_route=%2Fwp%2Fv2%2Fcomments&post=53283"}],"version-history":[{"count":1,"href":"https:\/\/encuentroinformativo.com.mx\/index.php?rest_route=\/wp\/v2\/posts\/53283\/revisions"}],"predecessor-version":[{"id":53286,"href":"https:\/\/encuentroinformativo.com.mx\/index.php?rest_route=\/wp\/v2\/posts\/53283\/revisions\/53286"}],"wp:featuredmedia":[{"embeddable":true,"href":"https:\/\/encuentroinformativo.com.mx\/index.php?rest_route=\/wp\/v2\/media\/53285"}],"wp:attachment":[{"href":"https:\/\/encuentroinformativo.com.mx\/index.php?rest_route=%2Fwp%2Fv2%2Fmedia&parent=53283"}],"wp:term":[{"taxonomy":"category","embeddable":true,"href":"https:\/\/encuentroinformativo.com.mx\/index.php?rest_route=%2Fwp%2Fv2%2Fcategories&post=53283"},{"taxonomy":"post_tag","embeddable":true,"href":"https:\/\/encuentroinformativo.com.mx\/index.php?rest_route=%2Fwp%2Fv2%2Ftags&post=53283"}],"curies":[{"name":"wp","href":"https:\/\/api.w.org\/{rel}","templated":true}]}}