{"id":53287,"date":"2024-04-16T09:17:31","date_gmt":"2024-04-16T15:17:31","guid":{"rendered":"https:\/\/encuentroinformativo.com.mx\/?p=53287"},"modified":"2024-04-16T09:17:37","modified_gmt":"2024-04-16T15:17:37","slug":"pepe-y-americo-mancuerna-de-triunfo","status":"publish","type":"post","link":"https:\/\/encuentroinformativo.com.mx\/?p=53287","title":{"rendered":"\u00a1Pepe y Am\u00e9rico, mancuerna de triunfo!"},"content":{"rendered":"\n<p>Xalapa, Ver.- Miles de veracruzanos manifestaron este lunes su respaldo a los candidatos de la coalici\u00f3n Fuerza y Coraz\u00f3n a la gubernatura de Veracruz y a la diputaci\u00f3n federal por Xalapa, Jos\u00e9 Francisco Yunes Zorrilla y Am\u00e9rico Z\u00fa\u00f1iga Mart\u00ednez.<\/p>\n\n\n\n<p>Una marea de xalape\u00f1os inund\u00f3 las calles de la ciudad para hacer patente su apoyo a dos pol\u00edticos que han dedicado su vida a servir a la sociedad.<\/p>\n\n\n\n<p>Miles de personas, desde adolescentes, j\u00f3venes, adultos y abuelitos manifestaron su respaldo a quienes representan un cambio verdadero para el bien de Xalapa y del estado.<\/p>\n\n\n\n<p>Tras reunirse con el sector magisterial, los dos abanderados de la coalici\u00f3n Fuerza y Coraz\u00f3n hicieron un recorrido por las calles de la colonia Moctezuma que lucieron multicolor con el rojo, azul y amarillo.<\/p>\n\n\n\n<p>Am\u00e9rico Z\u00fa\u00f1iga destac\u00f3 a las mujeres, quienes, dijo, llevar\u00e1n al triunfo a los candidatos de Fuerza y Coraz\u00f3n por M\u00e9xico y por Veracruz.<\/p>\n\n\n\n<p>Destac\u00f3 a Miguel Yunes M\u00e1rquez y a Sara Ladr\u00f3n de Guevara, quienes conforman la f\u00f3rmula ganadora al Senado de la Rep\u00fablica.<\/p>\n\n\n\n<p>Tambi\u00e9n se gritaron vivas por la pr\u00f3xima presidenta de M\u00e9xico, X\u00f3chitl G\u00e1lvez.<\/p>\n\n\n\n<p>&#8220;No los vamos a defraudar, vamos a trabajar por todos los veracruzanos, por las mujeres&#8221;, expuso Z\u00fa\u00f1iga Mart\u00ednez.<\/p>\n\n\n\n<p>El multitudinario encuentro fue una fiesta por la democracia, por la lucha de una mejor calidad de vida para las familias xalape\u00f1as y veracruzanas.<\/p>\n\n\n\n<p>Se trata, dijeron los candidatos, de un trabajo en conjunto con la sociedad civil y con todos los sectores para que haya un gobierno de verdad.<\/p>\n\n\n\n<p>&#8220;\u00a1Vamos a ganar esta elecci\u00f3n!&#8221;, &#8220;\u00a1Hasta la victoria!&#8221;, \u00a1Gobernador, gobernador, gobernador! &#8220;, gritaron al un\u00edsono las miles de personas que se congregaron en el campo deportivo de la colonia Moctezuma.<\/p>\n\n\n\n<figure class=\"wp-block-image size-large\"><img loading=\"lazy\" decoding=\"async\" width=\"1024\" height=\"651\" src=\"https:\/\/encuentroinformativo.com.mx\/wp-content\/uploads\/2024\/04\/IMG-20240415-WA0114-1024x651.jpg\" alt=\"\" class=\"wp-image-53289\" srcset=\"https:\/\/encuentroinformativo.com.mx\/wp-content\/uploads\/2024\/04\/IMG-20240415-WA0114-1024x651.jpg 1024w, https:\/\/encuentroinformativo.com.mx\/wp-content\/uploads\/2024\/04\/IMG-20240415-WA0114-300x191.jpg 300w, https:\/\/encuentroinformativo.com.mx\/wp-content\/uploads\/2024\/04\/IMG-20240415-WA0114-768x488.jpg 768w, https:\/\/encuentroinformativo.com.mx\/wp-content\/uploads\/2024\/04\/IMG-20240415-WA0114-1536x976.jpg 1536w, https:\/\/encuentroinformativo.com.mx\/wp-content\/uploads\/2024\/04\/IMG-20240415-WA0114.jpg 1600w\" sizes=\"auto, (max-width: 1024px) 100vw, 1024px\" \/><\/figure>\n","protected":false},"excerpt":{"rendered":"<p>Xalapa, Ver.- Miles de veracruzanos manifestaron este lunes su respaldo a los candidatos de la coalici\u00f3n Fuerza y Coraz\u00f3n a la gubernatura de Veracruz y a la diputaci\u00f3n federal por Xalapa, Jos\u00e9 Francisco Yunes Zorrilla y Am\u00e9rico Z\u00fa\u00f1iga Mart\u00ednez. Una marea de xalape\u00f1os inund\u00f3 las calles de la ciudad para hacer patente su apoyo a [&hellip;]<\/p>\n","protected":false},"author":2476,"featured_media":53288,"comment_status":"open","ping_status":"open","sticky":false,"template":"","format":"standard","meta":{"_jetpack_memberships_contains_paid_content":false,"footnotes":""},"categories":[2],"tags":[],"class_list":["post-53287","post","type-post","status-publish","format-standard","has-post-thumbnail","hentry","category-estado"],"jetpack_featured_media_url":"https:\/\/encuentroinformativo.com.mx\/wp-content\/uploads\/2024\/04\/IMG-20240415-WA0127.jpg","jetpack_sharing_enabled":true,"jetpack_likes_enabled":true,"amp_enabled":true,"_links":{"self":[{"href":"https:\/\/encuentroinformativo.com.mx\/index.php?rest_route=\/wp\/v2\/posts\/53287","targetHints":{"allow":["GET"]}}],"collection":[{"href":"https:\/\/encuentroinformativo.com.mx\/index.php?rest_route=\/wp\/v2\/posts"}],"about":[{"href":"https:\/\/encuentroinformativo.com.mx\/index.php?rest_route=\/wp\/v2\/types\/post"}],"author":[{"embeddable":true,"href":"https:\/\/encuentroinformativo.com.mx\/index.php?rest_route=\/wp\/v2\/users\/2476"}],"replies":[{"embeddable":true,"href":"https:\/\/encuentroinformativo.com.mx\/index.php?rest_route=%2Fwp%2Fv2%2Fcomments&post=53287"}],"version-history":[{"count":1,"href":"https:\/\/encuentroinformativo.com.mx\/index.php?rest_route=\/wp\/v2\/posts\/53287\/revisions"}],"predecessor-version":[{"id":53290,"href":"https:\/\/encuentroinformativo.com.mx\/index.php?rest_route=\/wp\/v2\/posts\/53287\/revisions\/53290"}],"wp:featuredmedia":[{"embeddable":true,"href":"https:\/\/encuentroinformativo.com.mx\/index.php?rest_route=\/wp\/v2\/media\/53288"}],"wp:attachment":[{"href":"https:\/\/encuentroinformativo.com.mx\/index.php?rest_route=%2Fwp%2Fv2%2Fmedia&parent=53287"}],"wp:term":[{"taxonomy":"category","embeddable":true,"href":"https:\/\/encuentroinformativo.com.mx\/index.php?rest_route=%2Fwp%2Fv2%2Fcategories&post=53287"},{"taxonomy":"post_tag","embeddable":true,"href":"https:\/\/encuentroinformativo.com.mx\/index.php?rest_route=%2Fwp%2Fv2%2Ftags&post=53287"}],"curies":[{"name":"wp","href":"https:\/\/api.w.org\/{rel}","templated":true}]}}