{"id":53299,"date":"2024-04-16T13:18:27","date_gmt":"2024-04-16T19:18:27","guid":{"rendered":"https:\/\/encuentroinformativo.com.mx\/?p=53299"},"modified":"2024-04-16T13:18:32","modified_gmt":"2024-04-16T19:18:32","slug":"genesis-vera-confia-en-traer-nuevamente-la-corona-verde-a-veracruz","status":"publish","type":"post","link":"https:\/\/encuentroinformativo.com.mx\/?p=53299","title":{"rendered":"G\u00e9nesis Vera conf\u00eda en traer nuevamente la &#8220;Corona Verde&#8221; a Veracruz"},"content":{"rendered":"\n<p><strong>Alejandro \u00c1vila<\/strong><\/p>\n\n\n\n<p>Veracruz, Ver.- G\u00e9nesis Vera, del municipio de Boca del R\u00edo, es la nueva Miss Earth Veracruz y tendr\u00e1 un a\u00f1o para prepararse a\u00fan m\u00e1s y representar a nuestro estado en el certamen nacional, por lo que no ponemos en duda que la ansiada \u201cCorona Verde\u201d regrese a Veracruz.<\/p>\n\n\n\n<p>\u201cFue una noche complicada y dif\u00edcil porque todas mis compa\u00f1eras se merec\u00edan ganar, aprend\u00ed mucho de ellas y me queda la satisfacci\u00f3n de tener nuevas amigas (\u2026) Yo estoy doblemente comprometida como reina de belleza, tengo un a\u00f1o para prep\u00e1rame a\u00fan m\u00e1s porque quiero darle a Veracruz otra corona nacional de Miss Earth\u201d, coment\u00f3 G\u00e9nesis Vera ante los cuestionamientos de la prensa.<\/p>\n\n\n\n<p>La nueva reina de belleza tiene 24 a\u00f1os de edad, mide 1.78 y estudi\u00f3 la Licenciatura en Idiomas.<\/p>\n\n\n\n<p>Tambi\u00e9n presentes en la conferencia de prensa:<\/p>\n\n\n\n<p>Valeria Le\u00f3n, representante del municipio de Medell\u00edn: Miss Air (Aire) Veracruz (segundo lugar).<\/p>\n\n\n\n<p>Andrea Vergara, del Puerto de Veracruz: Miss Water (tercer lugar)<\/p>\n\n\n\n<p>Marimar Pompa, de Cotaxtla: Miss Fire (cuarto lugar)<\/p>\n\n\n\n<p>Jes\u00fas Montoya, director de Miss Earth Veracruz, coment\u00f3 que debido a la calidad y producci\u00f3n que a\u00f1o con a\u00f1o se realiza, la direcci\u00f3n nacional que dirige Paul Marsell decidi\u00f3 confiar tres estados del pa\u00eds para participar con pase directo en el certamen nacional 2024 que se realizar\u00e1 en agosto.<\/p>\n\n\n\n<p>Es por ello que tres veracruzanas estar\u00e1n participando este a\u00f1o en el certamen nacional:<br>Miss Earth Tabasco: Liliana Morales<br>Miss Earth Tamaulipas: Patricia Lagunes<br>Miss Earth Oaxaca: Hannya Karyme Velasco<br>Adem\u00e1s de Naomy C\u00e1mara (Alvarado) que lleva la presentaci\u00f3n de Veracruz.<\/p>\n","protected":false},"excerpt":{"rendered":"<p>Alejandro \u00c1vila Veracruz, Ver.- G\u00e9nesis Vera, del municipio de Boca del R\u00edo, es la nueva Miss Earth Veracruz y tendr\u00e1 un a\u00f1o para prepararse a\u00fan m\u00e1s y representar a nuestro estado en el certamen nacional, por lo que no ponemos en duda que la ansiada \u201cCorona Verde\u201d regrese a Veracruz. \u201cFue una noche complicada y [&hellip;]<\/p>\n","protected":false},"author":2476,"featured_media":53300,"comment_status":"open","ping_status":"open","sticky":false,"template":"","format":"standard","meta":{"_jetpack_memberships_contains_paid_content":false,"footnotes":""},"categories":[2],"tags":[],"class_list":["post-53299","post","type-post","status-publish","format-standard","has-post-thumbnail","hentry","category-estado"],"jetpack_featured_media_url":"https:\/\/encuentroinformativo.com.mx\/wp-content\/uploads\/2024\/04\/IMG-20240416-WA00182.jpg","jetpack_sharing_enabled":true,"jetpack_likes_enabled":true,"amp_enabled":true,"_links":{"self":[{"href":"https:\/\/encuentroinformativo.com.mx\/index.php?rest_route=\/wp\/v2\/posts\/53299","targetHints":{"allow":["GET"]}}],"collection":[{"href":"https:\/\/encuentroinformativo.com.mx\/index.php?rest_route=\/wp\/v2\/posts"}],"about":[{"href":"https:\/\/encuentroinformativo.com.mx\/index.php?rest_route=\/wp\/v2\/types\/post"}],"author":[{"embeddable":true,"href":"https:\/\/encuentroinformativo.com.mx\/index.php?rest_route=\/wp\/v2\/users\/2476"}],"replies":[{"embeddable":true,"href":"https:\/\/encuentroinformativo.com.mx\/index.php?rest_route=%2Fwp%2Fv2%2Fcomments&post=53299"}],"version-history":[{"count":1,"href":"https:\/\/encuentroinformativo.com.mx\/index.php?rest_route=\/wp\/v2\/posts\/53299\/revisions"}],"predecessor-version":[{"id":53301,"href":"https:\/\/encuentroinformativo.com.mx\/index.php?rest_route=\/wp\/v2\/posts\/53299\/revisions\/53301"}],"wp:featuredmedia":[{"embeddable":true,"href":"https:\/\/encuentroinformativo.com.mx\/index.php?rest_route=\/wp\/v2\/media\/53300"}],"wp:attachment":[{"href":"https:\/\/encuentroinformativo.com.mx\/index.php?rest_route=%2Fwp%2Fv2%2Fmedia&parent=53299"}],"wp:term":[{"taxonomy":"category","embeddable":true,"href":"https:\/\/encuentroinformativo.com.mx\/index.php?rest_route=%2Fwp%2Fv2%2Fcategories&post=53299"},{"taxonomy":"post_tag","embeddable":true,"href":"https:\/\/encuentroinformativo.com.mx\/index.php?rest_route=%2Fwp%2Fv2%2Ftags&post=53299"}],"curies":[{"name":"wp","href":"https:\/\/api.w.org\/{rel}","templated":true}]}}