{"id":53305,"date":"2024-04-16T09:22:09","date_gmt":"2024-04-16T15:22:09","guid":{"rendered":"https:\/\/encuentroinformativo.com.mx\/?p=53305"},"modified":"2024-04-16T13:24:30","modified_gmt":"2024-04-16T19:24:30","slug":"por-falta-de-profesor-protestan-en-primaria-de-xalapa","status":"publish","type":"post","link":"https:\/\/encuentroinformativo.com.mx\/?p=53305","title":{"rendered":"Por falta de profesor, protestan en primaria de Xalapa"},"content":{"rendered":"\n<p><strong>Juan Arcos <\/strong><\/p>\n\n\n\n<p>Xalapa, Ver.- Madres y padres de familia protestaron en la escuela primaria federal matutina &#8220;Insurgente Pedro Moreno&#8221; de la ciudad de Xalapa, debido a que los alumnos del tercer grado, grupo \u201cA\u201d, carecen de docente desde hace seis meses.<\/p>\n\n\n\n<p>Las personas exigieron a las autoridades educativas la asignaci\u00f3n del personal correspondiente, ya que desde el pasado 13 de octubre no cuentan con profesor titular en el aula.<\/p>\n\n\n\n<p>La vocal del grupo, Mariel Quezada S\u00e1nchez, detall\u00f3 que la profesora encargada se jubil\u00f3, pero las autoridades no han nombrado a alguien en su lugar, dejando a los menores desprotegidos en materia acad\u00e9mica.<\/p>\n\n\n\n<p>\u201cDesde el 13 de octubre no hay maestro titular. \u00a1Queremos maestro, no pretextos!\u201d, se le\u00eda en algunas de sus pancartas.<\/p>\n\n\n\n<p>La entrevistada detall\u00f3 que se enviaron varios oficios a la Secretar\u00eda de Educaci\u00f3n de Veracruz (SEV), sin obtener respuesta favorable.<\/p>\n\n\n\n<p>\u201cEn octubre se jubil\u00f3 la maestra y tuvimos el prejubilatorio nada m\u00e1s tres meses y desde ah\u00ed no han mandado el maestro titular. Ya pasamos seis meses. Son 25 alumnos. Ahorita hay clases, ya que el supervisor mand\u00f3 a una persona, pero no es una persona que cubra el grupo hasta fin de curso\u201d, a\u00f1adi\u00f3.<\/p>\n\n\n\n<p>Las madres y padres de familia consideran necesario tomar medidas m\u00e1s dr\u00e1sticas si no obtienen una soluci\u00f3n pronto. Podr\u00edan realizar la toma del plantel y de calles o avenidas en la capital veracruzana.<\/p>\n\n\n\n<p>La escuela con clave 30DPR3482H se localiza sobre la calle Olivo, en la colonia Predio de la Virgen, y pertenece a la zona escolar 133.<\/p>\n","protected":false},"excerpt":{"rendered":"<p>Juan Arcos Xalapa, Ver.- Madres y padres de familia protestaron en la escuela primaria federal matutina &#8220;Insurgente Pedro Moreno&#8221; de la ciudad de Xalapa, debido a que los alumnos del tercer grado, grupo \u201cA\u201d, carecen de docente desde hace seis meses. Las personas exigieron a las autoridades educativas la asignaci\u00f3n del personal correspondiente, ya que [&hellip;]<\/p>\n","protected":false},"author":2476,"featured_media":53306,"comment_status":"open","ping_status":"open","sticky":false,"template":"","format":"standard","meta":{"_jetpack_memberships_contains_paid_content":false,"footnotes":""},"categories":[3],"tags":[],"class_list":["post-53305","post","type-post","status-publish","format-standard","has-post-thumbnail","hentry","category-xalapa"],"jetpack_featured_media_url":"https:\/\/encuentroinformativo.com.mx\/wp-content\/uploads\/2024\/04\/13ee1262-6f3a-4354-819b-d2205c4bb099.jpg","jetpack_sharing_enabled":true,"jetpack_likes_enabled":true,"amp_enabled":true,"_links":{"self":[{"href":"https:\/\/encuentroinformativo.com.mx\/index.php?rest_route=\/wp\/v2\/posts\/53305","targetHints":{"allow":["GET"]}}],"collection":[{"href":"https:\/\/encuentroinformativo.com.mx\/index.php?rest_route=\/wp\/v2\/posts"}],"about":[{"href":"https:\/\/encuentroinformativo.com.mx\/index.php?rest_route=\/wp\/v2\/types\/post"}],"author":[{"embeddable":true,"href":"https:\/\/encuentroinformativo.com.mx\/index.php?rest_route=\/wp\/v2\/users\/2476"}],"replies":[{"embeddable":true,"href":"https:\/\/encuentroinformativo.com.mx\/index.php?rest_route=%2Fwp%2Fv2%2Fcomments&post=53305"}],"version-history":[{"count":1,"href":"https:\/\/encuentroinformativo.com.mx\/index.php?rest_route=\/wp\/v2\/posts\/53305\/revisions"}],"predecessor-version":[{"id":53307,"href":"https:\/\/encuentroinformativo.com.mx\/index.php?rest_route=\/wp\/v2\/posts\/53305\/revisions\/53307"}],"wp:featuredmedia":[{"embeddable":true,"href":"https:\/\/encuentroinformativo.com.mx\/index.php?rest_route=\/wp\/v2\/media\/53306"}],"wp:attachment":[{"href":"https:\/\/encuentroinformativo.com.mx\/index.php?rest_route=%2Fwp%2Fv2%2Fmedia&parent=53305"}],"wp:term":[{"taxonomy":"category","embeddable":true,"href":"https:\/\/encuentroinformativo.com.mx\/index.php?rest_route=%2Fwp%2Fv2%2Fcategories&post=53305"},{"taxonomy":"post_tag","embeddable":true,"href":"https:\/\/encuentroinformativo.com.mx\/index.php?rest_route=%2Fwp%2Fv2%2Ftags&post=53305"}],"curies":[{"name":"wp","href":"https:\/\/api.w.org\/{rel}","templated":true}]}}