{"id":53308,"date":"2024-04-16T14:39:56","date_gmt":"2024-04-16T20:39:56","guid":{"rendered":"https:\/\/encuentroinformativo.com.mx\/?p=53308"},"modified":"2024-04-16T14:40:02","modified_gmt":"2024-04-16T20:40:02","slug":"sin-definir-apoyo-de-gobierno-para-fiesta-del-carnaval","status":"publish","type":"post","link":"https:\/\/encuentroinformativo.com.mx\/?p=53308","title":{"rendered":"Sin definir apoyo de gobierno para fiesta del Carnaval"},"content":{"rendered":"\n<p><strong>Alejandro \u00c1vila<\/strong><\/p>\n\n\n\n<p>Veracruz, Ver.- El secretario de Turismo, Iv\u00e1n Francisco Mart\u00ednez Olvera, confirm\u00f3 que la alcaldesa de Veracruz, Patricia Lobeira Rodr\u00edguez, ya hizo una solicitud formal al Gobierno de Veracruz para que les brinden apoyo durante los festejos del Carnaval.<\/p>\n\n\n\n<p>El funcionario estatal dijo que han iniciado con las reuniones y pl\u00e1ticas para ver de que manera se puede apoyar al Comit\u00e9 Organizador del Carnaval de Veracruz, donde hasta el momento, se\u00f1al\u00f3 que no han definido si se tratar\u00e1 de un artista para concierto masivo o en otro rubro.<\/p>\n\n\n\n<p>&#8220;Ya sea un artista o algo que defina el Ayuntamiento, no pudiera yo decirles ahorita espec\u00edficamente un artista porque no s\u00e9 los acuerdos, pero ya se gir\u00f3 la solicitud y ya se dio una respuesta en ese sentido, que en la medida de nuestras posibilidades s\u00ed ser\u00e1 mejor que el a\u00f1o pasado, pero no podemos decir esos temas, Entonces est\u00e1 complicado ahorita&#8221;, mencion\u00f3.<\/p>\n\n\n\n<p>En ese sentido, Iv\u00e1n Mart\u00ednez Olvera, mencion\u00f3 que el apoyo com\u00fan y esencial es en materia de Seguridad, Log\u00edstica, Protecci\u00f3n Civil, Servicios M\u00e9dicos, entre otros.<\/p>\n\n\n\n<p>&#8220;Si nosotros eso solo cuantificamos, Es much\u00edsimo m\u00e1s grande que un concierto, es lo esencial, y ese apoyo que dan las diferentes dependencias es muy importante. Entendemos tambi\u00e9n que es una fiesta de los veracruzanos y hay que sumarse en otras cosas y con much\u00edsimo gusto se estar\u00e1n haciendo, ya est\u00e1n en coordinaci\u00f3n, ya se est\u00e1 trabajando y esperemos que pronto se puedan dar noticias&#8221;, culmin\u00f3.<\/p>\n","protected":false},"excerpt":{"rendered":"<p>Alejandro \u00c1vila Veracruz, Ver.- El secretario de Turismo, Iv\u00e1n Francisco Mart\u00ednez Olvera, confirm\u00f3 que la alcaldesa de Veracruz, Patricia Lobeira Rodr\u00edguez, ya hizo una solicitud formal al Gobierno de Veracruz para que les brinden apoyo durante los festejos del Carnaval. El funcionario estatal dijo que han iniciado con las reuniones y pl\u00e1ticas para ver de [&hellip;]<\/p>\n","protected":false},"author":2476,"featured_media":53309,"comment_status":"open","ping_status":"open","sticky":false,"template":"","format":"standard","meta":{"_jetpack_memberships_contains_paid_content":false,"footnotes":""},"categories":[2],"tags":[],"class_list":["post-53308","post","type-post","status-publish","format-standard","has-post-thumbnail","hentry","category-estado"],"jetpack_featured_media_url":"https:\/\/encuentroinformativo.com.mx\/wp-content\/uploads\/2024\/04\/IMG-20240416-WA0050.jpg","jetpack_sharing_enabled":true,"jetpack_likes_enabled":true,"amp_enabled":true,"_links":{"self":[{"href":"https:\/\/encuentroinformativo.com.mx\/index.php?rest_route=\/wp\/v2\/posts\/53308","targetHints":{"allow":["GET"]}}],"collection":[{"href":"https:\/\/encuentroinformativo.com.mx\/index.php?rest_route=\/wp\/v2\/posts"}],"about":[{"href":"https:\/\/encuentroinformativo.com.mx\/index.php?rest_route=\/wp\/v2\/types\/post"}],"author":[{"embeddable":true,"href":"https:\/\/encuentroinformativo.com.mx\/index.php?rest_route=\/wp\/v2\/users\/2476"}],"replies":[{"embeddable":true,"href":"https:\/\/encuentroinformativo.com.mx\/index.php?rest_route=%2Fwp%2Fv2%2Fcomments&post=53308"}],"version-history":[{"count":1,"href":"https:\/\/encuentroinformativo.com.mx\/index.php?rest_route=\/wp\/v2\/posts\/53308\/revisions"}],"predecessor-version":[{"id":53310,"href":"https:\/\/encuentroinformativo.com.mx\/index.php?rest_route=\/wp\/v2\/posts\/53308\/revisions\/53310"}],"wp:featuredmedia":[{"embeddable":true,"href":"https:\/\/encuentroinformativo.com.mx\/index.php?rest_route=\/wp\/v2\/media\/53309"}],"wp:attachment":[{"href":"https:\/\/encuentroinformativo.com.mx\/index.php?rest_route=%2Fwp%2Fv2%2Fmedia&parent=53308"}],"wp:term":[{"taxonomy":"category","embeddable":true,"href":"https:\/\/encuentroinformativo.com.mx\/index.php?rest_route=%2Fwp%2Fv2%2Fcategories&post=53308"},{"taxonomy":"post_tag","embeddable":true,"href":"https:\/\/encuentroinformativo.com.mx\/index.php?rest_route=%2Fwp%2Fv2%2Ftags&post=53308"}],"curies":[{"name":"wp","href":"https:\/\/api.w.org\/{rel}","templated":true}]}}