{"id":53322,"date":"2024-04-17T10:55:45","date_gmt":"2024-04-17T16:55:45","guid":{"rendered":"https:\/\/encuentroinformativo.com.mx\/?p=53322"},"modified":"2024-04-17T10:55:50","modified_gmt":"2024-04-17T16:55:50","slug":"padres-protestan-por-segundo-dia-reclaman-docente-para-primaria","status":"publish","type":"post","link":"https:\/\/encuentroinformativo.com.mx\/?p=53322","title":{"rendered":"Padres protestan por segundo d\u00eda, reclaman docente para primaria"},"content":{"rendered":"\n<p><strong>Dar\u00edo Pale <\/strong><\/p>\n\n\n\n<p>Xalapa, Ver.- Padres de familia de la escuela primaria &#8220;Insurgente Pedro Moreno&#8221;, ubicada en la esquina Gustavo D\u00edaz Ordaz y calle Olivo de la Colonia el Predio de la Virgen de esta ciudad de Xalapa tienen bloqueado esta vialidad, desde las 07:00 horas.<\/p>\n\n\n\n<p>Lo anterior se debe a que exigen un docente para el grupo de tercero A, ya que 25 alumnos no han recibido sus clases desde el mes de enero, la subdirectora Victoria Gonz\u00e1lez Gonz\u00e1lez, no ha hecho nada por solicitar a la supervisi\u00f3n escolar al docente.<\/p>\n\n\n\n<p>Por lo cual tomaron la decisi\u00f3n de que a las 7 de la ma\u00f1ana de este d\u00eda de mi\u00e9rcoles padres de familia despidieron bloquear calles y tomar el plantel de forma simb\u00f3lica, as\u00ed lo manifest\u00f3 una de las madres de familia, Adriana Rodr\u00edguez Guerrero.<\/p>\n\n\n\n<p>Esta situaci\u00f3n se present\u00f3 desde el 13 de octubre del 2023, cuando la maestra se jubilo, y desde esa fecha nuestros hijos no han recibido sus clases, como sus dem\u00e1s compa\u00f1eros, en total se ven afectados 25 alumnos de este grado de tercero A.<\/p>\n\n\n\n<p>En el plantel educativo, los alumnos ingresan de manera normal, as\u00ed como el personal docente y administrativo.<\/p>\n\n\n\n<figure class=\"wp-block-image size-large\"><img loading=\"lazy\" decoding=\"async\" width=\"1024\" height=\"768\" src=\"https:\/\/encuentroinformativo.com.mx\/wp-content\/uploads\/2024\/04\/IMG-20240417-WA0012-1024x768.jpg\" alt=\"\" class=\"wp-image-53324\" srcset=\"https:\/\/encuentroinformativo.com.mx\/wp-content\/uploads\/2024\/04\/IMG-20240417-WA0012-1024x768.jpg 1024w, https:\/\/encuentroinformativo.com.mx\/wp-content\/uploads\/2024\/04\/IMG-20240417-WA0012-300x225.jpg 300w, https:\/\/encuentroinformativo.com.mx\/wp-content\/uploads\/2024\/04\/IMG-20240417-WA0012-768x576.jpg 768w, https:\/\/encuentroinformativo.com.mx\/wp-content\/uploads\/2024\/04\/IMG-20240417-WA0012.jpg 1040w\" sizes=\"auto, (max-width: 1024px) 100vw, 1024px\" \/><\/figure>\n","protected":false},"excerpt":{"rendered":"<p>Dar\u00edo Pale Xalapa, Ver.- Padres de familia de la escuela primaria &#8220;Insurgente Pedro Moreno&#8221;, ubicada en la esquina Gustavo D\u00edaz Ordaz y calle Olivo de la Colonia el Predio de la Virgen de esta ciudad de Xalapa tienen bloqueado esta vialidad, desde las 07:00 horas. Lo anterior se debe a que exigen un docente para [&hellip;]<\/p>\n","protected":false},"author":2476,"featured_media":53323,"comment_status":"open","ping_status":"open","sticky":false,"template":"","format":"standard","meta":{"_jetpack_memberships_contains_paid_content":false,"footnotes":""},"categories":[3],"tags":[],"class_list":["post-53322","post","type-post","status-publish","format-standard","has-post-thumbnail","hentry","category-xalapa"],"jetpack_featured_media_url":"https:\/\/encuentroinformativo.com.mx\/wp-content\/uploads\/2024\/04\/IMG-20240417-WA0013.jpg","jetpack_sharing_enabled":true,"jetpack_likes_enabled":true,"amp_enabled":true,"_links":{"self":[{"href":"https:\/\/encuentroinformativo.com.mx\/index.php?rest_route=\/wp\/v2\/posts\/53322","targetHints":{"allow":["GET"]}}],"collection":[{"href":"https:\/\/encuentroinformativo.com.mx\/index.php?rest_route=\/wp\/v2\/posts"}],"about":[{"href":"https:\/\/encuentroinformativo.com.mx\/index.php?rest_route=\/wp\/v2\/types\/post"}],"author":[{"embeddable":true,"href":"https:\/\/encuentroinformativo.com.mx\/index.php?rest_route=\/wp\/v2\/users\/2476"}],"replies":[{"embeddable":true,"href":"https:\/\/encuentroinformativo.com.mx\/index.php?rest_route=%2Fwp%2Fv2%2Fcomments&post=53322"}],"version-history":[{"count":1,"href":"https:\/\/encuentroinformativo.com.mx\/index.php?rest_route=\/wp\/v2\/posts\/53322\/revisions"}],"predecessor-version":[{"id":53325,"href":"https:\/\/encuentroinformativo.com.mx\/index.php?rest_route=\/wp\/v2\/posts\/53322\/revisions\/53325"}],"wp:featuredmedia":[{"embeddable":true,"href":"https:\/\/encuentroinformativo.com.mx\/index.php?rest_route=\/wp\/v2\/media\/53323"}],"wp:attachment":[{"href":"https:\/\/encuentroinformativo.com.mx\/index.php?rest_route=%2Fwp%2Fv2%2Fmedia&parent=53322"}],"wp:term":[{"taxonomy":"category","embeddable":true,"href":"https:\/\/encuentroinformativo.com.mx\/index.php?rest_route=%2Fwp%2Fv2%2Fcategories&post=53322"},{"taxonomy":"post_tag","embeddable":true,"href":"https:\/\/encuentroinformativo.com.mx\/index.php?rest_route=%2Fwp%2Fv2%2Ftags&post=53322"}],"curies":[{"name":"wp","href":"https:\/\/api.w.org\/{rel}","templated":true}]}}