{"id":53329,"date":"2024-04-17T13:27:18","date_gmt":"2024-04-17T19:27:18","guid":{"rendered":"https:\/\/encuentroinformativo.com.mx\/?p=53329"},"modified":"2024-04-17T13:27:24","modified_gmt":"2024-04-17T19:27:24","slug":"maynez-visitara-veracruz-en-mayo","status":"publish","type":"post","link":"https:\/\/encuentroinformativo.com.mx\/?p=53329","title":{"rendered":"Maynez visitar\u00e1 Veracruz en mayo"},"content":{"rendered":"\n<p><strong>Alejandro \u00c1vila<\/strong><\/p>\n\n\n\n<p>Veracruz, Ver.- El integrante del Comit\u00e9 Estatal de Movimiento Ciudadano Veracruz, Adri\u00e1n \u00c1vila Estrada, mencion\u00f3 que se tiene previsto que el candidato a la presidencia de M\u00e9xico por el partido naranja, visite la entidad a mediados del mes de mayo.<\/p>\n\n\n\n<p>Sin una agenda concreta hasta el momento, se presume que, Jorge \u00c1lvarez Maynez, sostendr\u00e1 encuentros con j\u00f3venes en universidades de la zona conurbada Veracruz &#8211; Boca del R\u00edo, as\u00ed como con grupos empresariales de la zona.<\/p>\n\n\n\n<p>\u201cA mediados del mes de mayo vamos a tener la visita del candidato presidencial y en su momento le detallaremos las actividades que se realizar\u00e1n, indiscutiblemente tendremos un encuentro con j\u00f3venes de todo el estado de Veracruz y ser\u00e1 en la zona conurbada\u201d, dijo.<\/p>\n\n\n\n<p>El aspirante presidencial, se acompa\u00f1ar\u00e1 de los candidatos de Veracruz, quienes destac\u00f3 la mayor\u00eda son emanados de la sociedad civil.<\/p>\n\n\n\n<p>\u201cTenemos gente que viene de la sociedad a incorporarse de las actividades partidistas, porque Movimiento Ciudadano es eso, un instrumento de la sociedad para servir a la sociedad\u201d.<\/p>\n\n\n\n<p>Ser\u00e1 en los pr\u00f3ximos d\u00edas cuando se perfile la agenda p\u00fablica de Jorge \u00c1lvarez Maynez y que se invite a los veracruzanos a que escuchen sus propuestas.<\/p>\n","protected":false},"excerpt":{"rendered":"<p>Alejandro \u00c1vila Veracruz, Ver.- El integrante del Comit\u00e9 Estatal de Movimiento Ciudadano Veracruz, Adri\u00e1n \u00c1vila Estrada, mencion\u00f3 que se tiene previsto que el candidato a la presidencia de M\u00e9xico por el partido naranja, visite la entidad a mediados del mes de mayo. Sin una agenda concreta hasta el momento, se presume que, Jorge \u00c1lvarez Maynez, [&hellip;]<\/p>\n","protected":false},"author":2476,"featured_media":53330,"comment_status":"open","ping_status":"open","sticky":false,"template":"","format":"standard","meta":{"_jetpack_memberships_contains_paid_content":false,"footnotes":""},"categories":[2],"tags":[],"class_list":["post-53329","post","type-post","status-publish","format-standard","has-post-thumbnail","hentry","category-estado"],"jetpack_featured_media_url":"https:\/\/encuentroinformativo.com.mx\/wp-content\/uploads\/2024\/04\/IMG-20240417-WA0066.jpg","jetpack_sharing_enabled":true,"jetpack_likes_enabled":true,"amp_enabled":true,"_links":{"self":[{"href":"https:\/\/encuentroinformativo.com.mx\/index.php?rest_route=\/wp\/v2\/posts\/53329","targetHints":{"allow":["GET"]}}],"collection":[{"href":"https:\/\/encuentroinformativo.com.mx\/index.php?rest_route=\/wp\/v2\/posts"}],"about":[{"href":"https:\/\/encuentroinformativo.com.mx\/index.php?rest_route=\/wp\/v2\/types\/post"}],"author":[{"embeddable":true,"href":"https:\/\/encuentroinformativo.com.mx\/index.php?rest_route=\/wp\/v2\/users\/2476"}],"replies":[{"embeddable":true,"href":"https:\/\/encuentroinformativo.com.mx\/index.php?rest_route=%2Fwp%2Fv2%2Fcomments&post=53329"}],"version-history":[{"count":1,"href":"https:\/\/encuentroinformativo.com.mx\/index.php?rest_route=\/wp\/v2\/posts\/53329\/revisions"}],"predecessor-version":[{"id":53331,"href":"https:\/\/encuentroinformativo.com.mx\/index.php?rest_route=\/wp\/v2\/posts\/53329\/revisions\/53331"}],"wp:featuredmedia":[{"embeddable":true,"href":"https:\/\/encuentroinformativo.com.mx\/index.php?rest_route=\/wp\/v2\/media\/53330"}],"wp:attachment":[{"href":"https:\/\/encuentroinformativo.com.mx\/index.php?rest_route=%2Fwp%2Fv2%2Fmedia&parent=53329"}],"wp:term":[{"taxonomy":"category","embeddable":true,"href":"https:\/\/encuentroinformativo.com.mx\/index.php?rest_route=%2Fwp%2Fv2%2Fcategories&post=53329"},{"taxonomy":"post_tag","embeddable":true,"href":"https:\/\/encuentroinformativo.com.mx\/index.php?rest_route=%2Fwp%2Fv2%2Ftags&post=53329"}],"curies":[{"name":"wp","href":"https:\/\/api.w.org\/{rel}","templated":true}]}}