{"id":53335,"date":"2024-04-17T13:34:26","date_gmt":"2024-04-17T19:34:26","guid":{"rendered":"https:\/\/encuentroinformativo.com.mx\/?p=53335"},"modified":"2024-04-17T13:34:31","modified_gmt":"2024-04-17T19:34:31","slug":"realizan-protesta-por-presos-politicos-en-veracruz","status":"publish","type":"post","link":"https:\/\/encuentroinformativo.com.mx\/?p=53335","title":{"rendered":"Realizan protesta por presos pol\u00edticos en Veracruz"},"content":{"rendered":"\n<p><strong>Juan Arcos <\/strong><\/p>\n\n\n\n<p>Xalapa, Ver.- Integrantes del Frente Nacional de Lucha por el Socialismo (FNLS) protestaron en el centro de Xalapa este mi\u00e9rcoles 17 de abril, durante el D\u00eda Internacional del Preso Pol\u00edtico.<\/p>\n\n\n\n<p>Frente a Palacio de Gobierno, sobre Plaza Sebasti\u00e1n Lerdo de Tejada, alzaron la voz para exigir la liberaci\u00f3n de los presos pol\u00edticos en el estado de Veracruz.<\/p>\n\n\n\n<p>De acuerdo con Ranulfo Hern\u00e1ndez Dolores, representante del FNLS en esta entidad, en el pa\u00eds hay presos pol\u00edticos a pesar de que las autoridades federales lo nieguen.<\/p>\n\n\n\n<p>Con meg\u00e1fono en mano, denunci\u00f3 la violaci\u00f3n de los derechos humanos y la represi\u00f3n contra quienes luchan por demandas justas.<\/p>\n\n\n\n<p>A su juicio, el gobierno niega la existencia de represi\u00f3n, pero los testimonios de los presos pol\u00edticos desmienten esta afirmaci\u00f3n.<\/p>\n\n\n\n<p>En la plaza p\u00fablica, enfatiz\u00f3 que el Poder Judicial persigue y castiga a luchadores sociales y defensores de derechos a trav\u00e9s de fiscal\u00edas y juzgados que fabrican expedientes en su contra.<\/p>\n\n\n\n<p>Los integrantes del FNLS exigieron la liberaci\u00f3n de su compa\u00f1ero Higinio Bustos Navarro, a quien consideran un preso pol\u00edtico en el estado de Veracruz.<\/p>\n\n\n\n<p>Bustos Navarro fue detenido el 4 de mayo de 2020, acusado del presunto asesinato de un militar hace m\u00e1s de diez a\u00f1os y sentenciado a 20 a\u00f1os de prisi\u00f3n.<\/p>\n","protected":false},"excerpt":{"rendered":"<p>Juan Arcos Xalapa, Ver.- Integrantes del Frente Nacional de Lucha por el Socialismo (FNLS) protestaron en el centro de Xalapa este mi\u00e9rcoles 17 de abril, durante el D\u00eda Internacional del Preso Pol\u00edtico. Frente a Palacio de Gobierno, sobre Plaza Sebasti\u00e1n Lerdo de Tejada, alzaron la voz para exigir la liberaci\u00f3n de los presos pol\u00edticos en [&hellip;]<\/p>\n","protected":false},"author":2476,"featured_media":53336,"comment_status":"open","ping_status":"open","sticky":false,"template":"","format":"standard","meta":{"_jetpack_memberships_contains_paid_content":false,"footnotes":""},"categories":[3],"tags":[],"class_list":["post-53335","post","type-post","status-publish","format-standard","has-post-thumbnail","hentry","category-xalapa"],"jetpack_featured_media_url":"https:\/\/encuentroinformativo.com.mx\/wp-content\/uploads\/2024\/04\/IMG_4268.jpg","jetpack_sharing_enabled":true,"jetpack_likes_enabled":true,"amp_enabled":true,"_links":{"self":[{"href":"https:\/\/encuentroinformativo.com.mx\/index.php?rest_route=\/wp\/v2\/posts\/53335","targetHints":{"allow":["GET"]}}],"collection":[{"href":"https:\/\/encuentroinformativo.com.mx\/index.php?rest_route=\/wp\/v2\/posts"}],"about":[{"href":"https:\/\/encuentroinformativo.com.mx\/index.php?rest_route=\/wp\/v2\/types\/post"}],"author":[{"embeddable":true,"href":"https:\/\/encuentroinformativo.com.mx\/index.php?rest_route=\/wp\/v2\/users\/2476"}],"replies":[{"embeddable":true,"href":"https:\/\/encuentroinformativo.com.mx\/index.php?rest_route=%2Fwp%2Fv2%2Fcomments&post=53335"}],"version-history":[{"count":1,"href":"https:\/\/encuentroinformativo.com.mx\/index.php?rest_route=\/wp\/v2\/posts\/53335\/revisions"}],"predecessor-version":[{"id":53337,"href":"https:\/\/encuentroinformativo.com.mx\/index.php?rest_route=\/wp\/v2\/posts\/53335\/revisions\/53337"}],"wp:featuredmedia":[{"embeddable":true,"href":"https:\/\/encuentroinformativo.com.mx\/index.php?rest_route=\/wp\/v2\/media\/53336"}],"wp:attachment":[{"href":"https:\/\/encuentroinformativo.com.mx\/index.php?rest_route=%2Fwp%2Fv2%2Fmedia&parent=53335"}],"wp:term":[{"taxonomy":"category","embeddable":true,"href":"https:\/\/encuentroinformativo.com.mx\/index.php?rest_route=%2Fwp%2Fv2%2Fcategories&post=53335"},{"taxonomy":"post_tag","embeddable":true,"href":"https:\/\/encuentroinformativo.com.mx\/index.php?rest_route=%2Fwp%2Fv2%2Ftags&post=53335"}],"curies":[{"name":"wp","href":"https:\/\/api.w.org\/{rel}","templated":true}]}}