{"id":53338,"date":"2024-04-17T13:49:26","date_gmt":"2024-04-17T19:49:26","guid":{"rendered":"https:\/\/encuentroinformativo.com.mx\/?p=53338"},"modified":"2024-04-17T13:49:32","modified_gmt":"2024-04-17T19:49:32","slug":"invitan-a-la-feria-de-san-marcos-en-xico","status":"publish","type":"post","link":"https:\/\/encuentroinformativo.com.mx\/?p=53338","title":{"rendered":"Invitan a la Feria de San Marcos en Xico"},"content":{"rendered":"\n<p><strong>Dar\u00edo Pale <\/strong><\/p>\n\n\n\n<p>Xalapa, Ver.- Invitan a la ciudadan\u00eda para que asista a la Feria de San Marcos del municipio de Xico la cual se realizar\u00e1 del 19 al 25 de abril, la realizaci\u00f3n de Capea todav\u00eda est\u00e1 en veremos, ya que se requieren los permisos de las autoridades ambientales, si lo dio a conocer Oswaldo Aguilera Galv\u00e1n, presidente de la Junta de Mejoras y organizador de las fiestas.\u00a0<\/p>\n\n\n\n<p>En conferencia de prensa se\u00f1al\u00f3 que esperan una derrama econ\u00f3mica superior a los 200 mil pesos y la visita de m\u00e1s de 5 mil personas durante las tradicionales fiestas Patronales de San Marcos de Le\u00f3n, que se llevar\u00e1n a cabo a partir de este 19 de abril y hasta jueves 25 del mismo mes.<\/p>\n\n\n\n<p>Inform\u00f3 que la seguridad estar\u00e1 a cargo del ayuntamiento en coordinaci\u00f3n con la Direcci\u00f3n General de Tr\u00e1nsito del Estado, la Secretar\u00eda de Protecci\u00f3n Civil y de Seguridad P\u00fablica del Estado por el apoyo para resguardar el evento y sus diferentes actividades. \u00a0<\/p>\n\n\n\n<p>Cuestionado en torno a la realizaci\u00f3n de la Capea, dijo que est\u00e1n en espera del permiso de la Secretar\u00eda de Medio Ambiente del Estado, con quien se tienen que cumplir con todos los requisitos para poderla hacer.\u00a0<\/p>\n\n\n\n<p>\u201cSi \u00a0no nos dan autorizaci\u00f3n no se podr\u00e1 hacer (&#8230;) la Capea tenemos que esperar todav\u00eda los permisos y estamos en eso, tenemos tiempo, pero estamos esperando\u201d, se\u00f1al\u00f3.<\/p>\n\n\n\n<p>Dieron a conocer que habr\u00e1 diferentes actividades en estas fiestas tradicionales como teatro del pueblo, presentaci\u00f3n de ballets, baile de feria, rodeo, as\u00ed como la velaci\u00f3n del Arco Floral el d\u00eda martes 23 de abril en la iglesia del pueblo.<\/p>\n\n\n\n<p>El representante del comit\u00e9 organizador de estas fiestas se\u00f1al\u00f3 \u201cqueremos invitar a toda la gente que nos acompa\u00f1e, va a estar muy bonito, queremos una fiesta libre de violencia, con responsabilidad \u00a0(&#8230;) la derrama econ\u00f3mica es muy buena, estamos hablando de alrededor de 200 mil pesos, es un pueblo chico con casi 10 mil habitantes, esperamos unas 5 mil personas\u201d.\u00a0<\/p>\n\n\n\n<p>Por \u00faltimo comentaron que el mayor n\u00famero de personas, dijo, se espera el d\u00eda del paseo del arco floral el 24 de abril por todo el pueblo, por lo que a partir de las 16:30 horas se tendr\u00e1 cerrada la vialidad, por lo que tendr\u00e1n que circular los veh\u00edculos por el libramiento.<\/p>\n","protected":false},"excerpt":{"rendered":"<p>Dar\u00edo Pale Xalapa, Ver.- Invitan a la ciudadan\u00eda para que asista a la Feria de San Marcos del municipio de Xico la cual se realizar\u00e1 del 19 al 25 de abril, la realizaci\u00f3n de Capea todav\u00eda est\u00e1 en veremos, ya que se requieren los permisos de las autoridades ambientales, si lo dio a conocer Oswaldo [&hellip;]<\/p>\n","protected":false},"author":2476,"featured_media":53339,"comment_status":"open","ping_status":"open","sticky":false,"template":"","format":"standard","meta":{"_jetpack_memberships_contains_paid_content":false,"footnotes":""},"categories":[2],"tags":[],"class_list":["post-53338","post","type-post","status-publish","format-standard","has-post-thumbnail","hentry","category-estado"],"jetpack_featured_media_url":"https:\/\/encuentroinformativo.com.mx\/wp-content\/uploads\/2024\/04\/IMG-20240417-WA0038.jpg","jetpack_sharing_enabled":true,"jetpack_likes_enabled":true,"amp_enabled":true,"_links":{"self":[{"href":"https:\/\/encuentroinformativo.com.mx\/index.php?rest_route=\/wp\/v2\/posts\/53338","targetHints":{"allow":["GET"]}}],"collection":[{"href":"https:\/\/encuentroinformativo.com.mx\/index.php?rest_route=\/wp\/v2\/posts"}],"about":[{"href":"https:\/\/encuentroinformativo.com.mx\/index.php?rest_route=\/wp\/v2\/types\/post"}],"author":[{"embeddable":true,"href":"https:\/\/encuentroinformativo.com.mx\/index.php?rest_route=\/wp\/v2\/users\/2476"}],"replies":[{"embeddable":true,"href":"https:\/\/encuentroinformativo.com.mx\/index.php?rest_route=%2Fwp%2Fv2%2Fcomments&post=53338"}],"version-history":[{"count":1,"href":"https:\/\/encuentroinformativo.com.mx\/index.php?rest_route=\/wp\/v2\/posts\/53338\/revisions"}],"predecessor-version":[{"id":53340,"href":"https:\/\/encuentroinformativo.com.mx\/index.php?rest_route=\/wp\/v2\/posts\/53338\/revisions\/53340"}],"wp:featuredmedia":[{"embeddable":true,"href":"https:\/\/encuentroinformativo.com.mx\/index.php?rest_route=\/wp\/v2\/media\/53339"}],"wp:attachment":[{"href":"https:\/\/encuentroinformativo.com.mx\/index.php?rest_route=%2Fwp%2Fv2%2Fmedia&parent=53338"}],"wp:term":[{"taxonomy":"category","embeddable":true,"href":"https:\/\/encuentroinformativo.com.mx\/index.php?rest_route=%2Fwp%2Fv2%2Fcategories&post=53338"},{"taxonomy":"post_tag","embeddable":true,"href":"https:\/\/encuentroinformativo.com.mx\/index.php?rest_route=%2Fwp%2Fv2%2Ftags&post=53338"}],"curies":[{"name":"wp","href":"https:\/\/api.w.org\/{rel}","templated":true}]}}