{"id":53349,"date":"2024-04-17T11:50:39","date_gmt":"2024-04-17T17:50:39","guid":{"rendered":"https:\/\/encuentroinformativo.com.mx\/?p=53349"},"modified":"2024-04-17T16:08:33","modified_gmt":"2024-04-17T22:08:33","slug":"piden-a-alcaldia-de-medellin-rehabilitar-salon-social","status":"publish","type":"post","link":"https:\/\/encuentroinformativo.com.mx\/?p=53349","title":{"rendered":"Piden a alcald\u00eda de Medell\u00edn rehabilitar Sal\u00f3n Social"},"content":{"rendered":"\n<p><strong>Alejandro \u00c1vila<\/strong><\/p>\n\n\n\n<p>Medell\u00edn de Bravo, Ver.- El empresario, Guillermo Herrada Jim\u00e9nez, envi\u00f3 un documento al Ayuntamiento de Medell\u00edn de Bravo este mi\u00e9rcoles 17 de abril, donde les hace la solicitud para rehabilitar el Sal\u00f3n Social de la localidad de El Tejar.<\/p>\n\n\n\n<p>En dicho documento explica que tras la solicitud de diversos ciudadanos y Comisarios Ejidales, se tom\u00f3 a la tarea de enviar un documento para pedir al municipio que rehabilite el Centro de Convenciones que hasta la fecha se encuentra en el olvido y con diversas fallas en su estructura, por lo cual no ha sido utilizado al cien por ciento, ni explotado para el beneficio de los medellinenses.<\/p>\n\n\n\n<p>En el oficio plantea 3 opciones para su rehabilitaci\u00f3n; una de ellas es que el municipio se haga cargo de los gastos, consiguiendo proveedores a bajo costo; otra opci\u00f3n es conseguir a un empresario que se haga cargo de la rehabilitaci\u00f3n, y que todas las gananciasse destinen a realizarle el pago al benefactor.<\/p>\n\n\n\n<p>Finalmente, tambi\u00e9n mostr\u00f3 la opci\u00f3n de que a trav\u00e9s de su fundaci\u00f3n, Memo A.C., Guillermo Herrera se haga cargo de la rehabilitaci\u00f3n del inmueble, puntualizando que dentro del Consejo Administrativo est\u00e9 una persona de su confianza, y que todas las personas que trabajen dentro del nuevo Sal\u00f3n Social sean espec\u00edficamente del municipio de Medell\u00edn, para que la derrama econ\u00f3mica se quede en la ciudad.<\/p>\n","protected":false},"excerpt":{"rendered":"<p>Alejandro \u00c1vila Medell\u00edn de Bravo, Ver.- El empresario, Guillermo Herrada Jim\u00e9nez, envi\u00f3 un documento al Ayuntamiento de Medell\u00edn de Bravo este mi\u00e9rcoles 17 de abril, donde les hace la solicitud para rehabilitar el Sal\u00f3n Social de la localidad de El Tejar. En dicho documento explica que tras la solicitud de diversos ciudadanos y Comisarios Ejidales, [&hellip;]<\/p>\n","protected":false},"author":2476,"featured_media":53350,"comment_status":"open","ping_status":"open","sticky":false,"template":"","format":"standard","meta":{"_jetpack_memberships_contains_paid_content":false,"footnotes":""},"categories":[2],"tags":[],"class_list":["post-53349","post","type-post","status-publish","format-standard","has-post-thumbnail","hentry","category-estado"],"jetpack_featured_media_url":"https:\/\/encuentroinformativo.com.mx\/wp-content\/uploads\/2024\/04\/IMG-20240417-WA0086.jpg","jetpack_sharing_enabled":true,"jetpack_likes_enabled":true,"amp_enabled":true,"_links":{"self":[{"href":"https:\/\/encuentroinformativo.com.mx\/index.php?rest_route=\/wp\/v2\/posts\/53349","targetHints":{"allow":["GET"]}}],"collection":[{"href":"https:\/\/encuentroinformativo.com.mx\/index.php?rest_route=\/wp\/v2\/posts"}],"about":[{"href":"https:\/\/encuentroinformativo.com.mx\/index.php?rest_route=\/wp\/v2\/types\/post"}],"author":[{"embeddable":true,"href":"https:\/\/encuentroinformativo.com.mx\/index.php?rest_route=\/wp\/v2\/users\/2476"}],"replies":[{"embeddable":true,"href":"https:\/\/encuentroinformativo.com.mx\/index.php?rest_route=%2Fwp%2Fv2%2Fcomments&post=53349"}],"version-history":[{"count":1,"href":"https:\/\/encuentroinformativo.com.mx\/index.php?rest_route=\/wp\/v2\/posts\/53349\/revisions"}],"predecessor-version":[{"id":53351,"href":"https:\/\/encuentroinformativo.com.mx\/index.php?rest_route=\/wp\/v2\/posts\/53349\/revisions\/53351"}],"wp:featuredmedia":[{"embeddable":true,"href":"https:\/\/encuentroinformativo.com.mx\/index.php?rest_route=\/wp\/v2\/media\/53350"}],"wp:attachment":[{"href":"https:\/\/encuentroinformativo.com.mx\/index.php?rest_route=%2Fwp%2Fv2%2Fmedia&parent=53349"}],"wp:term":[{"taxonomy":"category","embeddable":true,"href":"https:\/\/encuentroinformativo.com.mx\/index.php?rest_route=%2Fwp%2Fv2%2Fcategories&post=53349"},{"taxonomy":"post_tag","embeddable":true,"href":"https:\/\/encuentroinformativo.com.mx\/index.php?rest_route=%2Fwp%2Fv2%2Ftags&post=53349"}],"curies":[{"name":"wp","href":"https:\/\/api.w.org\/{rel}","templated":true}]}}