{"id":53352,"date":"2024-04-17T16:12:02","date_gmt":"2024-04-17T22:12:02","guid":{"rendered":"https:\/\/encuentroinformativo.com.mx\/?p=53352"},"modified":"2024-04-17T16:12:07","modified_gmt":"2024-04-17T22:12:07","slug":"roban-a-pescadores-figura-de-patrono-san-sebastian","status":"publish","type":"post","link":"https:\/\/encuentroinformativo.com.mx\/?p=53352","title":{"rendered":"Roban a pescadores figura de patrono San Sebasti\u00e1n"},"content":{"rendered":"\n<p><strong>Alejandro \u00c1vila<\/strong><\/p>\n\n\n\n<p>Veracruz, Ver.- Los pescadores del puerto de Veracruz amanecieron con la sorpresa de que la figura de su Santo Patrono, San Sebasti\u00e1n, fue robar la madrugada este mi\u00e9rcoles.<\/p>\n\n\n\n<p>Esta imagen que diariamente desped\u00eda a los hombres del mar antes de salir a la pesca, fue hurtada con todo y sus flores de su nicho.<\/p>\n\n\n\n<p>Se trata de una imagen elaborada de yeso con poco valor comercial, sin embargo, lamentan que pese a ello, se la llevaron.<\/p>\n\n\n\n<p>El muelle de los pescadores est\u00e1 abierto y tambi\u00e9n es un punto tur\u00edstico por lo que consideran que debi\u00f3 ser durante la temporada vacacional que se lo llevaron.<\/p>\n\n\n\n<p>\u201cEstaba la figura en la parte de adelante del muelle de pescadores y fue en el transcurso de la Semana Santa porque hab\u00eda mucha gente que entraba y sal\u00eda, incluso en la noche, alguno que lo vio muy bonito\u201d, dijo Noe, pescador de Veracruz.<\/p>\n\n\n\n<p>La figura de San Sebasti\u00e1n, tambi\u00e9n santo patrono de la ciudad de Veracruz fue colocada y bendecida por el Obispo de la Di\u00f3cesis de Veracruz, incluso durante las festividades patronales se realizaba peregrinaci\u00f3n en el mar para pedirle prosperidad y buena pesca.<\/p>\n\n\n\n<p>En la punta del muelle, se edific\u00f3 una peque\u00f1a capilla que albergaba la figura de poco m\u00e1s de 40 cent\u00edmetros.<\/p>\n\n\n\n<p>\u201cEl valor es para nosotros, estaba bendecido, se coloc\u00f3 el padre ah\u00ed y dijimos es algo santo, hasta agua bendita, ten\u00eda sus flores e incluso las flores tambi\u00e9n se llevaron\u201d.<\/p>\n\n\n\n<p>La figura ser\u00e1 repuesta y ahora le colocar\u00e1n mayor protecci\u00f3n en su nicho.<\/p>\n","protected":false},"excerpt":{"rendered":"<p>Alejandro \u00c1vila Veracruz, Ver.- Los pescadores del puerto de Veracruz amanecieron con la sorpresa de que la figura de su Santo Patrono, San Sebasti\u00e1n, fue robar la madrugada este mi\u00e9rcoles. Esta imagen que diariamente desped\u00eda a los hombres del mar antes de salir a la pesca, fue hurtada con todo y sus flores de su [&hellip;]<\/p>\n","protected":false},"author":2476,"featured_media":53353,"comment_status":"open","ping_status":"open","sticky":false,"template":"","format":"standard","meta":{"_jetpack_memberships_contains_paid_content":false,"footnotes":""},"categories":[2],"tags":[],"class_list":["post-53352","post","type-post","status-publish","format-standard","has-post-thumbnail","hentry","category-estado"],"jetpack_featured_media_url":"https:\/\/encuentroinformativo.com.mx\/wp-content\/uploads\/2024\/04\/IMG-20240417-WA0092.jpg","jetpack_sharing_enabled":true,"jetpack_likes_enabled":true,"amp_enabled":true,"_links":{"self":[{"href":"https:\/\/encuentroinformativo.com.mx\/index.php?rest_route=\/wp\/v2\/posts\/53352","targetHints":{"allow":["GET"]}}],"collection":[{"href":"https:\/\/encuentroinformativo.com.mx\/index.php?rest_route=\/wp\/v2\/posts"}],"about":[{"href":"https:\/\/encuentroinformativo.com.mx\/index.php?rest_route=\/wp\/v2\/types\/post"}],"author":[{"embeddable":true,"href":"https:\/\/encuentroinformativo.com.mx\/index.php?rest_route=\/wp\/v2\/users\/2476"}],"replies":[{"embeddable":true,"href":"https:\/\/encuentroinformativo.com.mx\/index.php?rest_route=%2Fwp%2Fv2%2Fcomments&post=53352"}],"version-history":[{"count":1,"href":"https:\/\/encuentroinformativo.com.mx\/index.php?rest_route=\/wp\/v2\/posts\/53352\/revisions"}],"predecessor-version":[{"id":53354,"href":"https:\/\/encuentroinformativo.com.mx\/index.php?rest_route=\/wp\/v2\/posts\/53352\/revisions\/53354"}],"wp:featuredmedia":[{"embeddable":true,"href":"https:\/\/encuentroinformativo.com.mx\/index.php?rest_route=\/wp\/v2\/media\/53353"}],"wp:attachment":[{"href":"https:\/\/encuentroinformativo.com.mx\/index.php?rest_route=%2Fwp%2Fv2%2Fmedia&parent=53352"}],"wp:term":[{"taxonomy":"category","embeddable":true,"href":"https:\/\/encuentroinformativo.com.mx\/index.php?rest_route=%2Fwp%2Fv2%2Fcategories&post=53352"},{"taxonomy":"post_tag","embeddable":true,"href":"https:\/\/encuentroinformativo.com.mx\/index.php?rest_route=%2Fwp%2Fv2%2Ftags&post=53352"}],"curies":[{"name":"wp","href":"https:\/\/api.w.org\/{rel}","templated":true}]}}