{"id":53355,"date":"2024-04-17T16:18:07","date_gmt":"2024-04-17T22:18:07","guid":{"rendered":"https:\/\/encuentroinformativo.com.mx\/?p=53355"},"modified":"2024-04-17T16:18:12","modified_gmt":"2024-04-17T22:18:12","slug":"por-falta-de-propuestas-candidatas-huyen-a-debates-americo","status":"publish","type":"post","link":"https:\/\/encuentroinformativo.com.mx\/?p=53355","title":{"rendered":"Por falta de propuestas, candidatas huyen a debates: Am\u00e9rico"},"content":{"rendered":"\n<p><strong>Dar\u00edo Pale <\/strong><\/p>\n\n\n\n<p>Xalapa, Ver.- La negativa de debatir con \u00e9l por parte de las candidatas de Morena y Movimiento Ciudadano, es por un &#8220;s\u00faper combo&#8221;, ya que las candidatas temen debatir porque no han dado resultados, as\u00ed o dio a conocer el candidato a la diputaci\u00f3n federal por Xalapa, por la coalici\u00f3n Fuerza y Coraz\u00f3n por Veracruz, Am\u00e9rico Z\u00fa\u00f1iga Mart\u00ednez.<\/p>\n\n\n\n<p>En entrevista explic\u00f3 que ello quiere decir que es por miedo, por falta de propuestas, de resultados en su gesti\u00f3n, entre otros.<\/p>\n\n\n\n<p>Resalt\u00f3 que hay dos opciones para la diputaci\u00f3n federal por Xalapa, una que representa o cobra como representante popular en el Congreso local, los \u00faltimos cinco a\u00f1os sin un solo resultado a favor de los xalape\u00f1os.<\/p>\n\n\n\n<p>La otra es \u00e9l que tiene 7 a\u00f1os sin un cargo p\u00fablico y que s\u00ed est\u00e1 en el \u00e1nimo de la gente que sabe que tiene experiencia y una propuesta seria para representar adecuadamente a Xalapa.<\/p>\n\n\n\n<p>El aspirante coment\u00f3 que como diputado federal atender\u00e1 problemas como el del agua para la capital del Estado, la seguridad, as\u00ed como revisar la situaci\u00f3n de las madres a quienes se les quitaron las Escuelas de Tiempo Completo.<\/p>\n\n\n\n<p>Por otra parte, el candidato se\u00f1al\u00f3 que Morena y sus gobiernos se han esmerado mucho en destruir a M\u00e9xico, ya que este era un pa\u00eds conocido por su tradici\u00f3n internacionalista extraordinaria.<\/p>\n\n\n\n<p>Asimismo, M\u00e9xico ten\u00eda en su cuerpo diplom\u00e1tico a los mejores del mundo, pero hoy se la han arreglado para que eso se caiga.<\/p>\n\n\n\n<p>Am\u00e9rico Z\u00fa\u00f1iga critic\u00f3 que la fracci\u00f3n de Morena en la C\u00e1mara de Diputados, haya propuesto que se tomen el dinero de las Afores de los trabajadores de m\u00e1s de 70 a\u00f1os.<\/p>\n\n\n\n<p>Ello para generar un fondo alimentado con el dinero de las Afores de quienes las han alimentado pensando que al llegar a cierta edad ya no pudieran ser administradas por los derechohabientes sino por el Gobierno.<\/p>\n\n\n\n<p>&#8220;Ese es un robo m\u00e1s, ya se acabaron los fondos, se acabaron los fideicomisos, ya cubrieron todo y ya no les alcanz\u00f3 para su \u00faltimo a\u00f1o&#8221;, recrimin\u00f3.<\/p>\n","protected":false},"excerpt":{"rendered":"<p>Dar\u00edo Pale Xalapa, Ver.- La negativa de debatir con \u00e9l por parte de las candidatas de Morena y Movimiento Ciudadano, es por un &#8220;s\u00faper combo&#8221;, ya que las candidatas temen debatir porque no han dado resultados, as\u00ed o dio a conocer el candidato a la diputaci\u00f3n federal por Xalapa, por la coalici\u00f3n Fuerza y Coraz\u00f3n [&hellip;]<\/p>\n","protected":false},"author":2476,"featured_media":53356,"comment_status":"open","ping_status":"open","sticky":false,"template":"","format":"standard","meta":{"_jetpack_memberships_contains_paid_content":false,"footnotes":""},"categories":[3],"tags":[],"class_list":["post-53355","post","type-post","status-publish","format-standard","has-post-thumbnail","hentry","category-xalapa"],"jetpack_featured_media_url":"https:\/\/encuentroinformativo.com.mx\/wp-content\/uploads\/2024\/04\/IMG-20240417-WA0075.jpg","jetpack_sharing_enabled":true,"jetpack_likes_enabled":true,"amp_enabled":true,"_links":{"self":[{"href":"https:\/\/encuentroinformativo.com.mx\/index.php?rest_route=\/wp\/v2\/posts\/53355","targetHints":{"allow":["GET"]}}],"collection":[{"href":"https:\/\/encuentroinformativo.com.mx\/index.php?rest_route=\/wp\/v2\/posts"}],"about":[{"href":"https:\/\/encuentroinformativo.com.mx\/index.php?rest_route=\/wp\/v2\/types\/post"}],"author":[{"embeddable":true,"href":"https:\/\/encuentroinformativo.com.mx\/index.php?rest_route=\/wp\/v2\/users\/2476"}],"replies":[{"embeddable":true,"href":"https:\/\/encuentroinformativo.com.mx\/index.php?rest_route=%2Fwp%2Fv2%2Fcomments&post=53355"}],"version-history":[{"count":1,"href":"https:\/\/encuentroinformativo.com.mx\/index.php?rest_route=\/wp\/v2\/posts\/53355\/revisions"}],"predecessor-version":[{"id":53357,"href":"https:\/\/encuentroinformativo.com.mx\/index.php?rest_route=\/wp\/v2\/posts\/53355\/revisions\/53357"}],"wp:featuredmedia":[{"embeddable":true,"href":"https:\/\/encuentroinformativo.com.mx\/index.php?rest_route=\/wp\/v2\/media\/53356"}],"wp:attachment":[{"href":"https:\/\/encuentroinformativo.com.mx\/index.php?rest_route=%2Fwp%2Fv2%2Fmedia&parent=53355"}],"wp:term":[{"taxonomy":"category","embeddable":true,"href":"https:\/\/encuentroinformativo.com.mx\/index.php?rest_route=%2Fwp%2Fv2%2Fcategories&post=53355"},{"taxonomy":"post_tag","embeddable":true,"href":"https:\/\/encuentroinformativo.com.mx\/index.php?rest_route=%2Fwp%2Fv2%2Ftags&post=53355"}],"curies":[{"name":"wp","href":"https:\/\/api.w.org\/{rel}","templated":true}]}}