{"id":53358,"date":"2024-04-17T16:24:23","date_gmt":"2024-04-17T22:24:23","guid":{"rendered":"https:\/\/encuentroinformativo.com.mx\/?p=53358"},"modified":"2024-04-17T16:24:28","modified_gmt":"2024-04-17T22:24:28","slug":"no-procedio-queja-contra-yunes-marquez-senala-el-ople","status":"publish","type":"post","link":"https:\/\/encuentroinformativo.com.mx\/?p=53358","title":{"rendered":"No procedi\u00f3 queja contra Yunes M\u00e1rquez, se\u00f1ala el OPLE"},"content":{"rendered":"\n<p><strong>Dar\u00edo Pale <\/strong><\/p>\n\n\n\n<p>Xalapa, Ver.- La queja de violencia pol\u00edtica de g\u00e9nero que presentaron dos ciudadanas, ante el Organismo P\u00fablico Local Electoral (OPLE), en contra de Miguel Angel Yunes M\u00e1rquez, candidato al senado de Fuerza y Coraz\u00f3n por M\u00e9xico, al promover &#8220;odio\u201d y &#8220;discriminaci\u00f3n\u201d contra la candidata a la gubernatura de Sigamos Haciendo Historia, Roc\u00edo Nahle, se dio como no presentada.<\/p>\n\n\n\n<p>Cabe recordar que el escrito de queja fue presentado por las ciudadanas Ana Elena Taboada Murrieta y Laura Guadalupe Hern\u00e1ndez Parra, activistas defensoras de los derechos humanos, el 29 de marzo de este 2024.<\/p>\n\n\n\n<p>Denunciaron al candidato al Senado \u00a0por violencia pol\u00edtica en raz\u00f3n de g\u00e9nero en contra de Norma Roc\u00edo Nahle Garc\u00eda, candidata a la gubernatura por la coalici\u00f3n \u201cSeguimos Haciendo Historia en Veracruz\u201d.<\/p>\n\n\n\n<p>Las quejosas consideraron que se tipificaba el delito de violencia pol\u00edtica, toda vez que Yunes M\u00e1rquez ha generalizado odio, desprecio y discriminaci\u00f3n por el lugar de nacimiento de una mujer (Roc\u00edo Nahle), con la expresi\u00f3n: \u00a0\u201cno vamos a permitir que una mujer de Zacatecas sea gobernadora del estado\u201d.<\/p>\n\n\n\n<p>Por ello, pidieron se impusiera la medida cautelar de ordenar al abanderado abstenerse de difundir mensajes de odio y discriminaci\u00f3n, y eliminar las publicaciones de cuenta de Facebook \u201cy todas las que se estimen necesarias\u201d.<\/p>\n\n\n\n<p>No obstante la Comisi\u00f3n de Quejas y Denuncias del Organismo P\u00fablico Local Electoral (OPLE) decidi\u00f3 clasificarla como \u201cno presentada\u201d la queja, por lo que la secretar\u00eda Ejecutiva del OPLE determin\u00f3 que, al ser una denuncia en materia de violencia pol\u00edtica en raz\u00f3n de g\u00e9nero, el consentimiento de la v\u00edctima adquiere especial relevancia, pero se tuvo por no cumplido el requerimiento realizado a Roc\u00edo Nahle, toda vez que no remiti\u00f3 escrito alguno por el cual otorgara su autorizaci\u00f3n para que se iniciara el Procedimiento Especial Sancionador.<\/p>\n\n\n\n<p>Por lo anterior, se determin\u00f3 que se tuvo por no presentada la queja, exclusivamente respecto a los hechos constitutivos de violencia pol\u00edtica en raz\u00f3n de g\u00e9nero.<\/p>\n\n\n\n<p>Solo se analizaron los hechos denunciados por actos anticipados de campa\u00f1a, concretamente en 4 ligas de la red social Facebook en las que, seg\u00fan las quejosas, en tiempos de intercampa\u00f1as, el denunciado hizo un llamado a favor de su candidato a gobernador Jos\u00e9 Francisco Yunes Zorrilla, a sabiendas que a\u00fan no comenzaba el periodo de campa\u00f1a, por lo que pidieron se retiraran.<\/p>\n\n\n\n<p>Por \u00faltimo, la Comisi\u00f3n consider\u00f3 improcedente la adopci\u00f3n de la medida cautelar de ordenar el retiro de las publicaciones por actos anticipados de campa\u00f1a, toda vez que desde el 31 de marzo \u201cestamos frente a un acto consumado\u201d por el inicio del periodo de campa\u00f1a.<\/p>\n","protected":false},"excerpt":{"rendered":"<p>Dar\u00edo Pale Xalapa, Ver.- La queja de violencia pol\u00edtica de g\u00e9nero que presentaron dos ciudadanas, ante el Organismo P\u00fablico Local Electoral (OPLE), en contra de Miguel Angel Yunes M\u00e1rquez, candidato al senado de Fuerza y Coraz\u00f3n por M\u00e9xico, al promover &#8220;odio\u201d y &#8220;discriminaci\u00f3n\u201d contra la candidata a la gubernatura de Sigamos Haciendo Historia, Roc\u00edo Nahle, [&hellip;]<\/p>\n","protected":false},"author":2476,"featured_media":53359,"comment_status":"open","ping_status":"open","sticky":false,"template":"","format":"standard","meta":{"_jetpack_memberships_contains_paid_content":false,"footnotes":""},"categories":[2],"tags":[],"class_list":["post-53358","post","type-post","status-publish","format-standard","has-post-thumbnail","hentry","category-estado"],"jetpack_featured_media_url":"https:\/\/encuentroinformativo.com.mx\/wp-content\/uploads\/2024\/04\/IMG-20240417-WA0091.jpg","jetpack_sharing_enabled":true,"jetpack_likes_enabled":true,"amp_enabled":true,"_links":{"self":[{"href":"https:\/\/encuentroinformativo.com.mx\/index.php?rest_route=\/wp\/v2\/posts\/53358","targetHints":{"allow":["GET"]}}],"collection":[{"href":"https:\/\/encuentroinformativo.com.mx\/index.php?rest_route=\/wp\/v2\/posts"}],"about":[{"href":"https:\/\/encuentroinformativo.com.mx\/index.php?rest_route=\/wp\/v2\/types\/post"}],"author":[{"embeddable":true,"href":"https:\/\/encuentroinformativo.com.mx\/index.php?rest_route=\/wp\/v2\/users\/2476"}],"replies":[{"embeddable":true,"href":"https:\/\/encuentroinformativo.com.mx\/index.php?rest_route=%2Fwp%2Fv2%2Fcomments&post=53358"}],"version-history":[{"count":1,"href":"https:\/\/encuentroinformativo.com.mx\/index.php?rest_route=\/wp\/v2\/posts\/53358\/revisions"}],"predecessor-version":[{"id":53360,"href":"https:\/\/encuentroinformativo.com.mx\/index.php?rest_route=\/wp\/v2\/posts\/53358\/revisions\/53360"}],"wp:featuredmedia":[{"embeddable":true,"href":"https:\/\/encuentroinformativo.com.mx\/index.php?rest_route=\/wp\/v2\/media\/53359"}],"wp:attachment":[{"href":"https:\/\/encuentroinformativo.com.mx\/index.php?rest_route=%2Fwp%2Fv2%2Fmedia&parent=53358"}],"wp:term":[{"taxonomy":"category","embeddable":true,"href":"https:\/\/encuentroinformativo.com.mx\/index.php?rest_route=%2Fwp%2Fv2%2Fcategories&post=53358"},{"taxonomy":"post_tag","embeddable":true,"href":"https:\/\/encuentroinformativo.com.mx\/index.php?rest_route=%2Fwp%2Fv2%2Ftags&post=53358"}],"curies":[{"name":"wp","href":"https:\/\/api.w.org\/{rel}","templated":true}]}}