{"id":53372,"date":"2024-04-18T11:45:56","date_gmt":"2024-04-18T17:45:56","guid":{"rendered":"https:\/\/encuentroinformativo.com.mx\/?p=53372"},"modified":"2024-04-18T11:46:03","modified_gmt":"2024-04-18T17:46:03","slug":"derechos-de-la-poblacion-diversa-debe-estar-en-la-agenda-legislativa","status":"publish","type":"post","link":"https:\/\/encuentroinformativo.com.mx\/?p=53372","title":{"rendered":"Derechos de la poblaci\u00f3n diversa debe estar en la agenda legislativa"},"content":{"rendered":"\n<p><strong>* Candidatos a diputaci\u00f3n federal sostienen encuentro con defensores de DDHH.<\/strong><\/p>\n\n\n\n<p><strong>* Se generan espacios de di\u00e1logo.<\/strong><\/p>\n\n\n\n<p>Banderilla, Ver.- Generando espacios de di\u00e1logo con colectivos, asociaciones civiles, profesionistas, activistas y personas en general que trabajan por la defensa de la poblaci\u00f3n diversa, se llev\u00f3 a cabo en este municipio el Encuentro por Derechos Humanos y Diversidad Sexual.<\/p>\n\n\n\n<p>Con una nutrida y activa participaci\u00f3n se expusieron ideas e iniciativas que no solo ata\u00f1en a la diversidad sexual, sino a todos los grupos vulnerables, porque la discriminaci\u00f3n ataca por igual y lo que se busca es trabajar en todos los sectores.<\/p>\n\n\n\n<p>En este encuentro estuvieron presentes Kenia Mu\u00f1iz Cabrera, candidata a diputada federal por el partido MORENA, as\u00ed como tambi\u00e9n el maestro Eleazar Guerrero P\u00e9rez, presidente de la expresi\u00f3n ciudadana Unido Todos y candidato a la diputaci\u00f3n plurinominal por el mismo partido, quienes atentos escucharon una a una las intervenciones realizadas en este foro.<\/p>\n\n\n\n<p>En su intervenci\u00f3n, Tamara Viveros P\u00e9rez, presidenta de la asociaci\u00f3n Manos en Rosa, del municipio de Mart\u00ednez de la Torre, record\u00f3 que las pol\u00edticas p\u00fablicas son para todos y que el trabajo de los candidatos debe ser decisivo, siendo interesante trabajar desde los hechos y acciones antes de un escrito, mencion\u00f3.<\/p>\n\n\n\n<p>\u201cA trav\u00e9s de Unidos Todos hemos tenido apoyo en Mart\u00ednez de la Torre para poder realizar nuestro trabajo y terminar de instalar nuestro refugio temporal a personas de la diversidad sexual y v\u00edctimas de violencia.\u201d<\/p>\n\n\n\n<p>Dando cuenta de la importancia de las acciones m\u00e1s que de los palabras, aseverando que el proyecto de la 4T es muy importante, pero debe darse en condiciones de igualdad para todas y todos los mexicanos.<\/p>\n\n\n\n<p>Por su parte, Benjam\u00edn Callejas Hern\u00e1ndez, presidente de la Colisi\u00f3n Estatal LGBTTTIQ+ coment\u00f3 que se ha trabajado de la mano en temas de pol\u00edtica p\u00fablica, de la capacitaci\u00f3n, promoci\u00f3n de los Derechos Humanos de la Poblaci\u00f3n Diversa.<\/p>\n\n\n\n<p>Resaltando el acercamiento directo con los candidatos a un puesto de elecci\u00f3n popular, principalmente con el maestro Eleazar Guerrero quien escuch\u00f3 las propuestas de las poblaciones diversas que existen en el estado de Veracruz, donde dijo; \u201chay pendientes hist\u00f3ricamente rezagados y olvidados. El acceso a los Derechos Humanos de la Poblaci\u00f3n Diversa todav\u00eda hay much\u00edsimo por hacer\u201d.<\/p>\n\n\n\n<p>Por su parte, Eleazar Guerrero P\u00e9rez, presidente de Unidos Todos y candidato a diputado plurinominal, al tomar la voz se mostr\u00f3 convencido de los que ah\u00ed se habl\u00f3, reconociendo y analizando objetivamente que como pa\u00eds en esta tem\u00e1tica estamos reprobados, afirmando que los derechos no se pelean.<\/p>\n\n\n\n<p>\u201cNo es posible que se sigan peleando iniciativas de ley, normas, normatividades para grupos espec\u00edficos, pero es necesario seguir trabajando sobre leyes\u201d. Subray\u00f3.<\/p>\n\n\n\n<p>Mencion\u00f3 que a partir de que Andr\u00e9s Manuel L\u00f3pez Obrador llega a la Ciudad de M\u00e9xico, todo se empieza a transformar, incluidos los temas de los colectivos, como parte del reconocimiento y respeto de los Derechos Humanos. \u201cDebemos recordar que jam\u00e1s hab\u00eda existido un gabinete igualitario, pues el presidente busca la igualdad y tiene un avance muy grande\u201d, dijo.<\/p>\n\n\n\n<p>Por \u00faltimo coment\u00f3 que todas las iniciativas entregadas por el presidente de la Rep\u00fablica al Congreso son b\u00e1sicas para seguir construyendo la Cuarta Transformaci\u00f3n, siendo \u00e9l un convencido y promotor de est\u00e1s para que sin duda nuestro estado y pa\u00eds siga avanzando, finaliz\u00f3.<\/p>\n","protected":false},"excerpt":{"rendered":"<p>* Candidatos a diputaci\u00f3n federal sostienen encuentro con defensores de DDHH. * Se generan espacios de di\u00e1logo. Banderilla, Ver.- Generando espacios de di\u00e1logo con colectivos, asociaciones civiles, profesionistas, activistas y personas en general que trabajan por la defensa de la poblaci\u00f3n diversa, se llev\u00f3 a cabo en este municipio el Encuentro por Derechos Humanos y [&hellip;]<\/p>\n","protected":false},"author":2476,"featured_media":53373,"comment_status":"open","ping_status":"open","sticky":false,"template":"","format":"standard","meta":{"_jetpack_memberships_contains_paid_content":false,"footnotes":""},"categories":[8],"tags":[],"class_list":["post-53372","post","type-post","status-publish","format-standard","has-post-thumbnail","hentry","category-region"],"jetpack_featured_media_url":"https:\/\/encuentroinformativo.com.mx\/wp-content\/uploads\/2024\/04\/IMG-20240417-WA01082.jpg","jetpack_sharing_enabled":true,"jetpack_likes_enabled":true,"amp_enabled":true,"_links":{"self":[{"href":"https:\/\/encuentroinformativo.com.mx\/index.php?rest_route=\/wp\/v2\/posts\/53372","targetHints":{"allow":["GET"]}}],"collection":[{"href":"https:\/\/encuentroinformativo.com.mx\/index.php?rest_route=\/wp\/v2\/posts"}],"about":[{"href":"https:\/\/encuentroinformativo.com.mx\/index.php?rest_route=\/wp\/v2\/types\/post"}],"author":[{"embeddable":true,"href":"https:\/\/encuentroinformativo.com.mx\/index.php?rest_route=\/wp\/v2\/users\/2476"}],"replies":[{"embeddable":true,"href":"https:\/\/encuentroinformativo.com.mx\/index.php?rest_route=%2Fwp%2Fv2%2Fcomments&post=53372"}],"version-history":[{"count":1,"href":"https:\/\/encuentroinformativo.com.mx\/index.php?rest_route=\/wp\/v2\/posts\/53372\/revisions"}],"predecessor-version":[{"id":53374,"href":"https:\/\/encuentroinformativo.com.mx\/index.php?rest_route=\/wp\/v2\/posts\/53372\/revisions\/53374"}],"wp:featuredmedia":[{"embeddable":true,"href":"https:\/\/encuentroinformativo.com.mx\/index.php?rest_route=\/wp\/v2\/media\/53373"}],"wp:attachment":[{"href":"https:\/\/encuentroinformativo.com.mx\/index.php?rest_route=%2Fwp%2Fv2%2Fmedia&parent=53372"}],"wp:term":[{"taxonomy":"category","embeddable":true,"href":"https:\/\/encuentroinformativo.com.mx\/index.php?rest_route=%2Fwp%2Fv2%2Fcategories&post=53372"},{"taxonomy":"post_tag","embeddable":true,"href":"https:\/\/encuentroinformativo.com.mx\/index.php?rest_route=%2Fwp%2Fv2%2Ftags&post=53372"}],"curies":[{"name":"wp","href":"https:\/\/api.w.org\/{rel}","templated":true}]}}