{"id":53375,"date":"2024-04-18T12:40:50","date_gmt":"2024-04-18T18:40:50","guid":{"rendered":"https:\/\/encuentroinformativo.com.mx\/?p=53375"},"modified":"2024-04-18T12:40:56","modified_gmt":"2024-04-18T18:40:56","slug":"docentes-reclaman-liberacion-de-plazas-en-la-sev","status":"publish","type":"post","link":"https:\/\/encuentroinformativo.com.mx\/?p=53375","title":{"rendered":"Docentes reclaman liberaci\u00f3n de plazas en la SEV"},"content":{"rendered":"\n<p><strong>Dar\u00edo Pale <\/strong><\/p>\n\n\n\n<p>Xalapa, Ver.- Docentes de la admisi\u00f3n del 2023-2024 del nivel de preescolar, primaria y Telesecundaria se manifestaron en las afueras de las instalaciones de la Secretaria de Educaci\u00f3n de Veracruz (SEV), para solicitar que se liberen m\u00e1s plazas para dichos niveles.<\/p>\n\n\n\n<p>Durante la manifestaci\u00f3n colocaron cartulinas a un costado de la entrada principal de la SEV ya que quieren que se respete el listado ya que algunos se han &#8220;brincado&#8221; varios lugares y hay n\u00fameros de prelaci\u00f3n arriba del 2 mil y del 3 mil que est\u00e1n siendo asignadas con plazas definitivas.<\/p>\n\n\n\n<p>Se\u00f1alaron que hay escuelas que est\u00e1n solicitando docentes para lo cual ellos est\u00e1n preparados para que les den una plaza, por lo que est\u00e1n solicitando que se incrementen las plazas definitivas de los niveles preescolar, primaria y Telesecundaria.<\/p>\n\n\n\n<p>Acusaron que en la asignaci\u00f3n de plazas en la Telesecundaria va muy lenta por lo que requieren que empiecen con la asignaci\u00f3n ya que se les termina el tiempo ya que tiene hasta el 30 de mayo para que se las otorguen.<\/p>\n\n\n\n<p>Por \u00faltimo cabe se\u00f1alar que en las cartulinas que colocaron en la SEV se\u00f1alan &#8220;exigimos que se respete la lista ordenada de USICAMM preescolar, primaria y Telesecundaria 2023-2024&#8221;, &#8220;exigimos que se liberen m\u00e1s plazas definitivas en niveles de Telesecundarias proceso 2023-2024&#8221;, &#8220;docentes del proceso de admisi\u00f3n 2023-2024 solicitamos a la SEV respetar el listado de prelaci\u00f3n en la asignaci\u00f3n de plazas definitivas&#8221;.<\/p>\n\n\n\n<figure class=\"wp-block-image size-large\"><img loading=\"lazy\" decoding=\"async\" width=\"1024\" height=\"576\" src=\"https:\/\/encuentroinformativo.com.mx\/wp-content\/uploads\/2024\/04\/IMG-20240418-WA0016-1024x576.jpg\" alt=\"\" class=\"wp-image-53377\" srcset=\"https:\/\/encuentroinformativo.com.mx\/wp-content\/uploads\/2024\/04\/IMG-20240418-WA0016-1024x576.jpg 1024w, https:\/\/encuentroinformativo.com.mx\/wp-content\/uploads\/2024\/04\/IMG-20240418-WA0016-300x169.jpg 300w, https:\/\/encuentroinformativo.com.mx\/wp-content\/uploads\/2024\/04\/IMG-20240418-WA0016-768x432.jpg 768w, https:\/\/encuentroinformativo.com.mx\/wp-content\/uploads\/2024\/04\/IMG-20240418-WA0016-1536x864.jpg 1536w, https:\/\/encuentroinformativo.com.mx\/wp-content\/uploads\/2024\/04\/IMG-20240418-WA0016.jpg 1599w\" sizes=\"auto, (max-width: 1024px) 100vw, 1024px\" \/><\/figure>\n","protected":false},"excerpt":{"rendered":"<p>Dar\u00edo Pale Xalapa, Ver.- Docentes de la admisi\u00f3n del 2023-2024 del nivel de preescolar, primaria y Telesecundaria se manifestaron en las afueras de las instalaciones de la Secretaria de Educaci\u00f3n de Veracruz (SEV), para solicitar que se liberen m\u00e1s plazas para dichos niveles. Durante la manifestaci\u00f3n colocaron cartulinas a un costado de la entrada principal [&hellip;]<\/p>\n","protected":false},"author":2476,"featured_media":53376,"comment_status":"open","ping_status":"open","sticky":false,"template":"","format":"standard","meta":{"_jetpack_memberships_contains_paid_content":false,"footnotes":""},"categories":[3],"tags":[],"class_list":["post-53375","post","type-post","status-publish","format-standard","has-post-thumbnail","hentry","category-xalapa"],"jetpack_featured_media_url":"https:\/\/encuentroinformativo.com.mx\/wp-content\/uploads\/2024\/04\/IMG-20240418-WA0015.jpg","jetpack_sharing_enabled":true,"jetpack_likes_enabled":true,"amp_enabled":true,"_links":{"self":[{"href":"https:\/\/encuentroinformativo.com.mx\/index.php?rest_route=\/wp\/v2\/posts\/53375","targetHints":{"allow":["GET"]}}],"collection":[{"href":"https:\/\/encuentroinformativo.com.mx\/index.php?rest_route=\/wp\/v2\/posts"}],"about":[{"href":"https:\/\/encuentroinformativo.com.mx\/index.php?rest_route=\/wp\/v2\/types\/post"}],"author":[{"embeddable":true,"href":"https:\/\/encuentroinformativo.com.mx\/index.php?rest_route=\/wp\/v2\/users\/2476"}],"replies":[{"embeddable":true,"href":"https:\/\/encuentroinformativo.com.mx\/index.php?rest_route=%2Fwp%2Fv2%2Fcomments&post=53375"}],"version-history":[{"count":1,"href":"https:\/\/encuentroinformativo.com.mx\/index.php?rest_route=\/wp\/v2\/posts\/53375\/revisions"}],"predecessor-version":[{"id":53378,"href":"https:\/\/encuentroinformativo.com.mx\/index.php?rest_route=\/wp\/v2\/posts\/53375\/revisions\/53378"}],"wp:featuredmedia":[{"embeddable":true,"href":"https:\/\/encuentroinformativo.com.mx\/index.php?rest_route=\/wp\/v2\/media\/53376"}],"wp:attachment":[{"href":"https:\/\/encuentroinformativo.com.mx\/index.php?rest_route=%2Fwp%2Fv2%2Fmedia&parent=53375"}],"wp:term":[{"taxonomy":"category","embeddable":true,"href":"https:\/\/encuentroinformativo.com.mx\/index.php?rest_route=%2Fwp%2Fv2%2Fcategories&post=53375"},{"taxonomy":"post_tag","embeddable":true,"href":"https:\/\/encuentroinformativo.com.mx\/index.php?rest_route=%2Fwp%2Fv2%2Ftags&post=53375"}],"curies":[{"name":"wp","href":"https:\/\/api.w.org\/{rel}","templated":true}]}}