{"id":53390,"date":"2024-04-18T12:58:45","date_gmt":"2024-04-18T18:58:45","guid":{"rendered":"https:\/\/encuentroinformativo.com.mx\/?p=53390"},"modified":"2024-04-18T12:58:51","modified_gmt":"2024-04-18T18:58:51","slug":"el-ambiente-y-estado-de-animo-esta-a-favor-de-nosotros-pepe-yunes","status":"publish","type":"post","link":"https:\/\/encuentroinformativo.com.mx\/?p=53390","title":{"rendered":"El ambiente y estado de \u00e1nimo est\u00e1 a favor de nosotros: Pepe Yunes"},"content":{"rendered":"\n<p><strong>Alejandro \u00c1vila<\/strong><\/p>\n\n\n\n<p>Veracruz, Ver.- Las \u00faltimas semanas han generado un clima derrotista para Morena en Veracruz, situaci\u00f3n que ha generado un clima de tensi\u00f3n en el grupo cercano a la candidata oficialista.<\/p>\n\n\n\n<p>El momento y la tendencia de victoria es de la alianza &#8220;Fuerza y Coraz\u00f3n por Veracruz&#8221;, se\u00f1al\u00f3 el candidato a la gubernatura, Jos\u00e9 Francisco Yunes Zorrilla; prueba de ello, son las \u00faltimas encuestas que se han mostrado al p\u00fablico, las cuales denotan el amplio crecimiento que ha tenido el grupo opositor, ante la ineficacia para gobernar de Morena.<\/p>\n\n\n\n<p>&#8220;Hab\u00eda que pregunt\u00e1rselos a ellos, lo que s\u00ed es un hecho es que, el ambiente y el estado de \u00e1nimo est\u00e1 a favor de nosotros, cada vez es m\u00e1s adverso para Morena en Veracruz&#8221;, se\u00f1al\u00f3.<\/p>\n\n\n\n<p>Pepe Yunes asegur\u00f3 que no es una sorpresa que diferentes actores pol\u00edticos de la entidad veracruzana se hayan estado sumando a su proyecto durante las \u00faltimas semanas, pues la seriedad y el compromiso con que se ha encarado esta campa\u00f1a, genera entre la ciudadan\u00eda la confianza de que en esta ocasi\u00f3n, s\u00ed habr\u00e1 un gobierno que cumpla con las necesidades de los veracruzanos.<\/p>\n\n\n\n<p>&#8220;La verdad es que s\u00ed, de manera diaria se suman m\u00e1s actores pol\u00edticos, m\u00e1s referentes en el estado de Veracruz, y esto se debe simplemente a 2 razones. La primera es que vamos a ganar la elecci\u00f3n, y en segundo lugar, es que nos estamos preparando para generar confianza entre los veracruzanos de que vale la pena respaldar este proyecto, va en serio por Veracruz, Veracruz necesita resultados y nosotros nos estamos organizando para d\u00e1rselos&#8221;, culmin\u00f3.<\/p>\n","protected":false},"excerpt":{"rendered":"<p>Alejandro \u00c1vila Veracruz, Ver.- Las \u00faltimas semanas han generado un clima derrotista para Morena en Veracruz, situaci\u00f3n que ha generado un clima de tensi\u00f3n en el grupo cercano a la candidata oficialista. El momento y la tendencia de victoria es de la alianza &#8220;Fuerza y Coraz\u00f3n por Veracruz&#8221;, se\u00f1al\u00f3 el candidato a la gubernatura, Jos\u00e9 [&hellip;]<\/p>\n","protected":false},"author":2476,"featured_media":53391,"comment_status":"open","ping_status":"open","sticky":false,"template":"","format":"standard","meta":{"_jetpack_memberships_contains_paid_content":false,"footnotes":""},"categories":[2],"tags":[],"class_list":["post-53390","post","type-post","status-publish","format-standard","has-post-thumbnail","hentry","category-estado"],"jetpack_featured_media_url":"https:\/\/encuentroinformativo.com.mx\/wp-content\/uploads\/2024\/04\/IMG-20240418-WA0023.jpg","jetpack_sharing_enabled":true,"jetpack_likes_enabled":true,"amp_enabled":true,"_links":{"self":[{"href":"https:\/\/encuentroinformativo.com.mx\/index.php?rest_route=\/wp\/v2\/posts\/53390","targetHints":{"allow":["GET"]}}],"collection":[{"href":"https:\/\/encuentroinformativo.com.mx\/index.php?rest_route=\/wp\/v2\/posts"}],"about":[{"href":"https:\/\/encuentroinformativo.com.mx\/index.php?rest_route=\/wp\/v2\/types\/post"}],"author":[{"embeddable":true,"href":"https:\/\/encuentroinformativo.com.mx\/index.php?rest_route=\/wp\/v2\/users\/2476"}],"replies":[{"embeddable":true,"href":"https:\/\/encuentroinformativo.com.mx\/index.php?rest_route=%2Fwp%2Fv2%2Fcomments&post=53390"}],"version-history":[{"count":1,"href":"https:\/\/encuentroinformativo.com.mx\/index.php?rest_route=\/wp\/v2\/posts\/53390\/revisions"}],"predecessor-version":[{"id":53392,"href":"https:\/\/encuentroinformativo.com.mx\/index.php?rest_route=\/wp\/v2\/posts\/53390\/revisions\/53392"}],"wp:featuredmedia":[{"embeddable":true,"href":"https:\/\/encuentroinformativo.com.mx\/index.php?rest_route=\/wp\/v2\/media\/53391"}],"wp:attachment":[{"href":"https:\/\/encuentroinformativo.com.mx\/index.php?rest_route=%2Fwp%2Fv2%2Fmedia&parent=53390"}],"wp:term":[{"taxonomy":"category","embeddable":true,"href":"https:\/\/encuentroinformativo.com.mx\/index.php?rest_route=%2Fwp%2Fv2%2Fcategories&post=53390"},{"taxonomy":"post_tag","embeddable":true,"href":"https:\/\/encuentroinformativo.com.mx\/index.php?rest_route=%2Fwp%2Fv2%2Ftags&post=53390"}],"curies":[{"name":"wp","href":"https:\/\/api.w.org\/{rel}","templated":true}]}}